{"id":1190,"global_id":"www.factoria-4-7.org\/ca\/?id=1190","global_id_lineage":["www.factoria-4-7.org\/ca\/?id=1190"],"author":"5","status":"publish","date":"2023-02-09 09:34:25","date_utc":"2023-02-09 09:34:25","modified":"2023-02-13 16:49:22","modified_utc":"2023-02-13 16:49:22","url":"https:\/\/www.factoria-4-7.org\/ca\/evento\/presentacion-del-centro-regional-de-educacion-para-el-desarrollo-sostenible-rce-basque-country-navarre\/","rest_url":"https:\/\/www.factoria-4-7.org\/ca\/wp-json\/tribe\/events\/v1\/events\/1190","title":"Presentaci\u00f3n del Centro Regional de Educaci\u00f3n para el Desarrollo Sostenible RCE Basque Country \u2013 Navarre","description":"<p>3 de febrero de 2023, 9 h, en el Palacio del Condestable<\/p>\n<p>Jornada t\u00e9cnica. Encuentro anual de educaci\u00f3n de ONGD (sesi\u00f3n abierta). Coordinadora de ONGD de Navarra. Departamento de Derechos Sociales. Gobierno de Navarra.<br \/>\nPrograma Municipal de Cooperaci\u00f3n Internacional al Desarrollo. Ayuntamiento de Pamplona.<\/p>\n<p>Objetivo:<br \/>\n\u2013 Conocer la experiencia acumulada a lo largo de los diez a\u00f1os de desarrollo del programa educativo \u201cEducaci\u00f3n para la Justicia Global y Aprendizaje Servicio\u201d, del Ayuntamiento de Barcelona, desde el punto de vista de la instituci\u00f3n promotora y las organizaciones participantes.<br \/>\n\u2013 Conocer el reci\u00e9n constituido Centro Regional de Educaci\u00f3n para el Desarrollo Sostenible RCE Basque Country \u2013 Navarre<\/p>\n<p>P\u00fablico destinatario (jornada abierta):<br \/>\n\u2013 Organizaciones de la PES y otras entidades sociales.<br \/>\n\u2013 Instituciones p\u00fablicas vinculadas a proyectos educativos o sociales con relaci\u00f3n con la educaci\u00f3n, sensibilizaci\u00f3n o voluntariado.<\/p>","excerpt":"","slug":"presentacion-del-centro-regional-de-educacion-para-el-desarrollo-sostenible-rce-basque-country-navarre","image":{"url":"https:\/\/www.factoria-4-7.org\/wp-content\/uploads\/2023\/02\/md-duran-rE9vgD_TXgM-unsplash.jpg","id":1205,"extension":"jpg","width":1000,"height":667,"filesize":667860,"sizes":{"medium":{"width":300,"height":200,"mime-type":"image\/jpeg","filesize":31512,"url":"https:\/\/www.factoria-4-7.org\/wp-content\/uploads\/2023\/02\/md-duran-rE9vgD_TXgM-unsplash-300x200.jpg"},"thumbnail":{"width":150,"height":150,"mime-type":"image\/jpeg","filesize":19985,"url":"https:\/\/www.factoria-4-7.org\/wp-content\/uploads\/2023\/02\/md-duran-rE9vgD_TXgM-unsplash-150x150.jpg"},"medium_large":{"width":768,"height":512,"mime-type":"image\/jpeg","filesize":107776,"url":"https:\/\/www.factoria-4-7.org\/wp-content\/uploads\/2023\/02\/md-duran-rE9vgD_TXgM-unsplash-768x512.jpg"}}},"all_day":false,"start_date":"2023-02-20 17:00:00","start_date_details":{"year":"2023","month":"02","day":"20","hour":"17","minutes":"00","seconds":"00"},"end_date":"2023-02-20 19:00:00","end_date_details":{"year":"2023","month":"02","day":"20","hour":"19","minutes":"00","seconds":"00"},"utc_start_date":"2023-02-20 17:00:00","utc_start_date_details":{"year":"2023","month":"02","day":"20","hour":"17","minutes":"00","seconds":"00"},"utc_end_date":"2023-02-20 19:00:00","utc_end_date_details":{"year":"2023","month":"02","day":"20","hour":"19","minutes":"00","seconds":"00"},"timezone":"UTC+0","timezone_abbr":"UTC+0","cost":"","cost_details":{"currency_symbol":"","currency_code":"","currency_position":"suffix","values":[]},"website":"","show_map":true,"show_map_link":true,"hide_from_listings":false,"sticky":false,"featured":false,"categories":[],"tags":[],"venue":[],"organizer":[{"id":1180,"author":"3","status":"publish","date":"2023-02-08 11:58:11","date_utc":"2023-02-08 11:58:11","modified":"2023-02-08 11:58:11","modified_utc":"2023-02-08 11:58:11","url":"https:\/\/www.factoria-4-7.org\/organitzador\/diputacion-foral-de-bizkaia\/","organizer":"Diputaci\u00f3n Foral de Bizkaia","slug":"diputacion-foral-de-bizkaia","json_ld":{"@type":"Person","name":"Diputaci\u00f3n Foral de Bizkaia","description":"","url":"","telephone":"","email":"","sameAs":""},"global_id":"www.factoria-4-7.org\/ca\/?id=1180","global_id_lineage":["www.factoria-4-7.org\/ca\/?id=1180"]}],"custom_fields":[],"json_ld":{"@context":"http:\/\/schema.org","@type":"Event","name":"Presentaci\u00f3n del Centro Regional de Educaci\u00f3n para el Desarrollo Sostenible RCE Basque Country \u2013 Navarre","description":"&lt;p&gt;3 de febrero de 2023, 9 h, en el Palacio del Condestable Jornada t\u00e9cnica. Encuentro anual de educaci\u00f3n de ONGD (sesi\u00f3n abierta). Coordinadora de ONGD de Navarra. Departamento de Derechos [&hellip;]&lt;\/p&gt;\\n","image":"https:\/\/www.factoria-4-7.org\/wp-content\/uploads\/2023\/02\/md-duran-rE9vgD_TXgM-unsplash.jpg","url":"https:\/\/www.factoria-4-7.org\/ca\/evento\/presentacion-del-centro-regional-de-educacion-para-el-desarrollo-sostenible-rce-basque-country-navarre\/","eventAttendanceMode":"https:\/\/schema.org\/OfflineEventAttendanceMode","eventStatus":"https:\/\/schema.org\/EventScheduled","startDate":"2023-02-20T17:00:00+00:00","endDate":"2023-02-20T19:00:00+00:00","organizer":{"@type":"Person","name":"Diputaci\u00f3n Foral de Bizkaia","description":"","url":"","telephone":"","email":"","sameAs":""},"performer":"Organization"}}