{"id":5459,"global_id":"www.factoria-4-7.org\/ca\/?id=5459","global_id_lineage":["www.factoria-4-7.org\/ca\/?id=5459"],"author":"47","status":"publish","date":"2024-05-07 00:27:29","date_utc":"2024-05-06 22:27:29","modified":"2024-05-07 00:28:28","modified_utc":"2024-05-06 22:28:28","url":"https:\/\/www.factoria-4-7.org\/ca\/evento\/dia-de-europa-2024-a-un-mes-de-las-elecciones-europeas\/","rest_url":"https:\/\/www.factoria-4-7.org\/ca\/wp-json\/tribe\/events\/v1\/events\/5459","title":"D\u00eda de Europa 2024 &#8211; A un mes de las elecciones europeas","description":"<p><span data-contrast=\"none\">Desde febrero de este a\u00f1o, la asociaci\u00f3n eCivis, ubicada en Bizkaia, ha desarrollado en el proyecto Got My Vote!, con apoyo del\u00a0<\/span><b><span data-contrast=\"none\">Parlamento Europeo y el Departamento de Empleo, Cohesi\u00f3n Social e Igualdad de la Diputaci\u00f3n Foral de Bizkaia,<\/span><\/b><span data-contrast=\"none\">\u00a0para propiciar el encuentro y el di\u00e1logo de la juventud y de la ciudadan\u00eda en general en torno a temas de actualidad, todo ello en el contexto de las pr\u00f3ximas elecciones al Parlamento Europeo, el 9 de junio de 2024.<\/span><span data-ccp-props=\"{&quot;201341983&quot;:0,&quot;335559739&quot;:160,&quot;335559740&quot;:259}\">\u00a0<\/span><\/p>\n<p><span data-contrast=\"none\">El pr\u00f3ximo jueves 9 de mayo, D\u00eda de Europa, cerraremos la actividad presencial a trav\u00e9s de un evento de debate y cierre en el espacio Hika Ateneo de Bilbao, a partir de las 19.30.\u00a0<\/span><span data-ccp-props=\"{&quot;201341983&quot;:0,&quot;335559739&quot;:160,&quot;335559740&quot;:259}\">\u00a0<\/span><\/p>\n<p><span data-contrast=\"none\">Adem\u00e1s del debate, donde podremos conversar con\u00a0<\/span><b><span data-contrast=\"none\">Iratxe Uriarte, Presidenta del Consejo de la Juventud de Euskadi, Xabier Cabrera, Presidente de la asociaci\u00f3n Arrigorriaga Harro, Aran Acha, Directora de Un Etxea, y representantes de Bizkaia Saregileak, tendremos la oportunidad de seguir tejiendo red amenizadas por el concierto ac\u00fastico del grupo Penadas por la Ley, a partir de las 20.45 aproximadamente.<\/span><\/b><span data-ccp-props=\"{&quot;201341983&quot;:0,&quot;335559739&quot;:160,&quot;335559740&quot;:259}\">\u00a0<\/span><\/p>\n<p><span data-ccp-props=\"{&quot;134233117&quot;:false,&quot;134233118&quot;:false,&quot;134245418&quot;:true,&quot;134245529&quot;:true,&quot;201341983&quot;:0,&quot;335551550&quot;:1,&quot;335551620&quot;:1,&quot;335559685&quot;:0,&quot;335559737&quot;:0,&quot;335559738&quot;:0,&quot;335559739&quot;:0,&quot;335559740&quot;:259}\">\u00a0<\/span><\/p>\n<p><b><span data-contrast=\"none\">La entrada es libre hasta completar aforo, pero se recomienda inscripci\u00f3n. M\u00e1s informaci\u00f3n en\u00a0<\/span><\/b><a href=\"mailto:info@ecivis.eus\"><b><span data-contrast=\"none\">info@ecivis.eus<\/span><\/b><\/a><b><span data-contrast=\"none\">, o llamando al 636644671 (un whatsapp tambi\u00e9n vale :-).<\/span><\/b><span data-ccp-props=\"{&quot;134233117&quot;:false,&quot;134233118&quot;:false,&quot;134245418&quot;:true,&quot;134245529&quot;:true,&quot;201341983&quot;:0,&quot;335551550&quot;:1,&quot;335551620&quot;:1,&quot;335559685&quot;:0,&quot;335559737&quot;:0,&quot;335559738&quot;:0,&quot;335559739&quot;:0,&quot;335559740&quot;:259}\">\u00a0<\/span><\/p>","excerpt":"","slug":"dia-de-europa-2024-a-un-mes-de-las-elecciones-europeas","image":{"url":"https:\/\/www.factoria-4-7.org\/wp-content\/uploads\/2024\/05\/unnamed-1.png","id":5462,"extension":"png","width":1081,"height":1081,"filesize":1031148,"sizes":{"medium":{"width":300,"height":300,"mime-type":"image\/png","filesize":100986,"url":"https:\/\/www.factoria-4-7.org\/wp-content\/uploads\/2024\/05\/unnamed-1-300x300.png"},"large":{"width":1024,"height":1024,"mime-type":"image\/png","filesize":868377,"url":"https:\/\/www.factoria-4-7.org\/wp-content\/uploads\/2024\/05\/unnamed-1-1024x1024.png"},"thumbnail":{"width":150,"height":150,"mime-type":"image\/png","filesize":32916,"url":"https:\/\/www.factoria-4-7.org\/wp-content\/uploads\/2024\/05\/unnamed-1-150x150.png"},"medium_large":{"width":768,"height":768,"mime-type":"image\/png","filesize":516728,"url":"https:\/\/www.factoria-4-7.org\/wp-content\/uploads\/2024\/05\/unnamed-1-768x768.png"}}},"all_day":false,"start_date":"2024-05-09 19:30:00","start_date_details":{"year":"2024","month":"05","day":"09","hour":"19","minutes":"30","seconds":"00"},"end_date":"2024-05-09 22:00:00","end_date_details":{"year":"2024","month":"05","day":"09","hour":"22","minutes":"00","seconds":"00"},"utc_start_date":"2024-05-09 17:30:00","utc_start_date_details":{"year":"2024","month":"05","day":"09","hour":"17","minutes":"30","seconds":"00"},"utc_end_date":"2024-05-09 20:00:00","utc_end_date_details":{"year":"2024","month":"05","day":"09","hour":"20","minutes":"00","seconds":"00"},"timezone":"Europe\/Madrid","timezone_abbr":"CEST","cost":"","cost_details":{"currency_symbol":"","currency_code":"","currency_position":"suffix","values":[]},"website":"https:\/\/together.europarl.europa.eu\/event\/dia-de-europa-got-my-vote-2024-05-09-16907\/register#scrollTop=0","show_map":true,"show_map_link":true,"hide_from_listings":false,"sticky":false,"featured":false,"categories":[],"tags":[],"venue":{"id":5460,"author":"47","status":"publish","date":"2024-05-07 00:27:29","date_utc":"2024-05-06 22:27:29","modified":"2024-05-07 00:27:29","modified_utc":"2024-05-06 22:27:29","url":"https:\/\/www.factoria-4-7.org\/recinte\/hika-ateneo\/","venue":"HIKA ATENEO","slug":"hika-ateneo","address":"Eskola Zumarkalea, 1, Ibaiondo","city":"Bilbao","country":"Espa\u00f1a","province":"Bizkaia","zip":"489006","phone":"944 79 41 49","website":"https:\/\/hikaateneo.eus\/","stateprovince":"Bizkaia","json_ld":{"@type":"Place","name":"HIKA ATENEO","description":"","url":"","address":{"@type":"PostalAddress","streetAddress":"Eskola Zumarkalea, 1, Ibaiondo","addressLocality":"Bilbao","addressRegion":"Bizkaia","postalCode":"489006","addressCountry":"Espa\u00f1a"},"telephone":"944 79 41 49","sameAs":"https:\/\/hikaateneo.eus\/"},"show_map":true,"show_map_link":true,"global_id":"www.factoria-4-7.org\/ca\/?id=5460","global_id_lineage":["www.factoria-4-7.org\/ca\/?id=5460"]},"organizer":[{"id":3996,"author":"6","status":"publish","date":"2023-06-15 14:07:53","date_utc":"2023-06-15 12:07:53","modified":"2023-06-15 14:07:53","modified_utc":"2023-06-15 12:07:53","url":"https:\/\/www.factoria-4-7.org\/organitzador\/ecivis-asociacion-para-la-promocion-de-la-ciudadania-activa\/","organizer":"eCivis \u2013 Asociaci\u00f3n para la Promoci\u00f3n de la Ciudadan\u00eda Activa","slug":"ecivis-asociacion-para-la-promocion-de-la-ciudadania-activa","phone":"636644671","website":"https:\/\/ecivis.eus\/","email":"info@ecivis.eus","json_ld":{"@type":"Person","name":"eCivis \u2013 Asociaci\u00f3n para la Promoci\u00f3n de la Ciudadan\u00eda Activa","description":"","url":"https:\/\/ecivis.eus\/","telephone":"636644671","email":"&#105;&#110;f&#111;&#64;&#101;&#99;&#105;&#118;&#105;s.e&#117;s","sameAs":"https:\/\/ecivis.eus\/"},"global_id":"www.factoria-4-7.org\/ca\/?id=3996","global_id_lineage":["www.factoria-4-7.org\/ca\/?id=3996"]}],"custom_fields":[],"json_ld":{"@context":"http:\/\/schema.org","@type":"Event","name":"D\u00eda de Europa 2024 &#8211; A un mes de las elecciones europeas","description":"&lt;p&gt;Desde febrero de este a\u00f1o, la asociaci\u00f3n eCivis, ubicada en Bizkaia, ha desarrollado en el proyecto Got My Vote!, con apoyo del\u00a0Parlamento Europeo y el Departamento de Empleo, Cohesi\u00f3n Social [&hellip;]&lt;\/p&gt;\\n","image":"https:\/\/www.factoria-4-7.org\/wp-content\/uploads\/2024\/05\/unnamed-1.png","url":"https:\/\/www.factoria-4-7.org\/ca\/evento\/dia-de-europa-2024-a-un-mes-de-las-elecciones-europeas\/","eventAttendanceMode":"https:\/\/schema.org\/OfflineEventAttendanceMode","eventStatus":"https:\/\/schema.org\/EventScheduled","startDate":"2024-05-09T19:30:00+02:00","endDate":"2024-05-09T22:00:00+02:00","location":{"@type":"Place","name":"HIKA ATENEO","description":"","url":"","address":{"@type":"PostalAddress","streetAddress":"Eskola Zumarkalea, 1, Ibaiondo","addressLocality":"Bilbao","addressRegion":"Bizkaia","postalCode":"489006","addressCountry":"Espa\u00f1a"},"telephone":"944 79 41 49","sameAs":"https:\/\/hikaateneo.eus\/"},"organizer":{"@type":"Person","name":"eCivis \u2013 Asociaci\u00f3n para la Promoci\u00f3n de la Ciudadan\u00eda Activa","description":"","url":"https:\/\/ecivis.eus\/","telephone":"636644671","email":"&#105;&#110;&#102;&#111;&#64;&#101;c&#105;&#118;i&#115;&#46;&#101;&#117;s","sameAs":"https:\/\/ecivis.eus\/"},"performer":"Organization"}}