{"id":27260,"date":"2023-02-08T12:03:08","date_gmt":"2023-02-08T11:03:08","guid":{"rendered":"https:\/\/www.factoria-4-7.org\/comunicacio-educadora-agencia-basca-de-cooperacio-per-al-desenvolupament\/"},"modified":"2025-12-17T12:20:46","modified_gmt":"2025-12-17T11:20:46","slug":"comunicacio-educadora-agencia-basca-de-cooperacio-per-al-desenvolupament","status":"publish","type":"post","link":"https:\/\/www.factoria-4-7.org\/ca\/comunicacio-educadora-agencia-basca-de-cooperacio-per-al-desenvolupament\/","title":{"rendered":"Comunicaci\u00f3 educadora. Ag\u00e8ncia Basca de Cooperaci\u00f3 per al Desenvolupament"},"content":{"rendered":"\n<div style=\"height:100px\" aria-hidden=\"true\" class=\"wp-block-spacer\"><\/div>\n\n<p>Educar \u00e9s #comunicar. La comunicaci\u00f3 pot ser educadora, \u00e9s a dir, promotora de la transformaci\u00f3 social a favor d&#8217;un m\u00f3n m\u00e9s just per a totes les persones i el planeta. Per aix\u00f2, cal aturar-se a pensar sobre quina comunicaci\u00f3 i quin proc\u00e9s d\u2019ensenyament-aprenentatge \u00e9s pel que apostem.  <\/p>\n\n<p>En aquest v\u00eddeo mostrem els components essencials de la comunicaci\u00f3 educadora i elements que ajuden en l\u2019organitzaci\u00f3, les maneres de treballar i les propostes d\u2019acci\u00f3.<\/p>\n\n<p>L\u2019audiovisual es basa en l\u2019avaluaci\u00f3 dels processos educatius d\u2019ONGD acompanyades per eLankidetza, que pots consultar a l\u2019apartat de publicacions de <a rel=\"noreferrer noopener\" href=\"http:\/\/www.elankidetza.euskadi.eus\/\" target=\"_blank\">www.elankidetza.euskadi.eus<\/a>.<\/p>\n\n<div style=\"height:100px\" aria-hidden=\"true\" class=\"wp-block-spacer\"><\/div>\n","protected":false},"excerpt":{"rendered":"<p>Educar \u00e9s #comunicar. La comunicaci\u00f3 pot ser educadora, \u00e9s a dir, promotora de la transformaci\u00f3 social a favor d&#8217;un m\u00f3n m\u00e9s just per a totes les persones i el planeta. [&hellip;]<\/p>\n","protected":false},"author":68,"featured_media":26896,"comment_status":"closed","ping_status":"","sticky":false,"template":"","format":"standard","meta":{"_acf_changed":false,"footnotes":""},"categories":[145],"tags":[],"ods":[211,209,208,210],"class_list":["post-27260","post","type-post","status-publish","format-standard","has-post-thumbnail","hentry","category-sin-categoria","ods-1-fi-de-la-pobresa","ods-11-ciutats-i-comunitats-sostenibles","ods-15-vida-decosistemes-terrestres","ods-3-salut-i-benestar"],"acf":[],"_links":{"self":[{"href":"https:\/\/www.factoria-4-7.org\/ca\/wp-json\/wp\/v2\/posts\/27260","targetHints":{"allow":["GET"]}}],"collection":[{"href":"https:\/\/www.factoria-4-7.org\/ca\/wp-json\/wp\/v2\/posts"}],"about":[{"href":"https:\/\/www.factoria-4-7.org\/ca\/wp-json\/wp\/v2\/types\/post"}],"author":[{"embeddable":true,"href":"https:\/\/www.factoria-4-7.org\/ca\/wp-json\/wp\/v2\/users\/68"}],"replies":[{"embeddable":true,"href":"https:\/\/www.factoria-4-7.org\/ca\/wp-json\/wp\/v2\/comments?post=27260"}],"version-history":[{"count":3,"href":"https:\/\/www.factoria-4-7.org\/ca\/wp-json\/wp\/v2\/posts\/27260\/revisions"}],"predecessor-version":[{"id":27291,"href":"https:\/\/www.factoria-4-7.org\/ca\/wp-json\/wp\/v2\/posts\/27260\/revisions\/27291"}],"wp:featuredmedia":[{"embeddable":true,"href":"https:\/\/www.factoria-4-7.org\/ca\/wp-json\/wp\/v2\/media\/26896"}],"wp:attachment":[{"href":"https:\/\/www.factoria-4-7.org\/ca\/wp-json\/wp\/v2\/media?parent=27260"}],"wp:term":[{"taxonomy":"category","embeddable":true,"href":"https:\/\/www.factoria-4-7.org\/ca\/wp-json\/wp\/v2\/categories?post=27260"},{"taxonomy":"post_tag","embeddable":true,"href":"https:\/\/www.factoria-4-7.org\/ca\/wp-json\/wp\/v2\/tags?post=27260"},{"taxonomy":"ods","embeddable":true,"href":"https:\/\/www.factoria-4-7.org\/ca\/wp-json\/wp\/v2\/ods?post=27260"}],"curies":[{"name":"wp","href":"https:\/\/api.w.org\/{rel}","templated":true}]}}