{"id":27262,"date":"2023-02-09T10:13:20","date_gmt":"2023-02-09T09:13:20","guid":{"rendered":"https:\/\/www.factoria-4-7.org\/guia-dacompanyament-al-professorat-de-bizkaia-per-les-diversitats\/"},"modified":"2025-12-17T12:21:38","modified_gmt":"2025-12-17T11:21:38","slug":"guia-dacompanyament-al-professorat-de-bizkaia-per-les-diversitats","status":"publish","type":"post","link":"https:\/\/www.factoria-4-7.org\/ca\/guia-dacompanyament-al-professorat-de-bizkaia-per-les-diversitats\/","title":{"rendered":"Guia d\u2019acompanyament al professorat de Bizkaia per les diversitats"},"content":{"rendered":"\n<p>Bizkaia per les diversitats \u00e9s un projecte impulsat des d\u2019UN Etxea &#8211; Associaci\u00f3 del Pa\u00eds Basc per a la UNESCO amb l\u2019objectiu de posar en valor persones i entitats que dia a dia vetllen per la diversitat, en totes les formes, des d\u2019un enfocament de drets humans com a font del desenvolupament sostenible i de promoci\u00f3 dels valors d\u2019igualtat, conviv\u00e8ncia i pau.<\/p>\n\n<p>El projecte s\u2019ha anat transformant des que es va iniciar, en diferents municipis de Bizkaia com Basauri, Getxo i Portugalete, i ha adaptat les metodologies a noves realitats. Des de l\u2019any 2021, una de les apostes del projecte \u00e9s apropar les diversitats \u2013m\u00e9s concretament la diversitat cultural, sexual i funcional\u2013 als centres educatius. <\/p>\n\n<p>L\u2019Agenda 2030 per al Desenvolupament Sostenible de les Nacions Unides situa les persones m\u00e9s joves com a agents fonamentals del canvi i l\u2019educaci\u00f3 com a eina impulsora del pensament cr\u00edtic i emancipador que doni respostes a les crisis socials, ambientals i econ\u00f2miques actuals.<\/p>\n\n<p>En aquest context, aquest any 2022, a m\u00e9s de continuar treballant a les aules, hem elaborat la <strong>Guia d\u2019acompanyament al professorat<\/strong> seg\u00fcent, en qu\u00e8 es poden trobar diferents recursos perqu\u00e8 qualsevol docent o educador\/a pugui treballar el projecte a l\u2019aula o amb grups de joves.<\/p>\n","protected":false},"excerpt":{"rendered":"<p>Bizkaia per les diversitats \u00e9s un projecte impulsat des d\u2019UN Etxea &#8211; Associaci\u00f3 del Pa\u00eds Basc per a la UNESCO amb l\u2019objectiu de posar en valor persones i entitats que [&hellip;]<\/p>\n","protected":false},"author":5,"featured_media":26895,"comment_status":"closed","ping_status":"","sticky":false,"template":"","format":"standard","meta":{"_acf_changed":false,"footnotes":""},"categories":[212],"tags":[],"ods":[215,214,213],"class_list":["post-27262","post","type-post","status-publish","format-standard","has-post-thumbnail","hentry","category-212","ods-5-igualtat-de-genere","ods-6-aigua-neta-i-sanejament","ods-7-energia-assequible-i-no-contaminant"],"acf":[],"_links":{"self":[{"href":"https:\/\/www.factoria-4-7.org\/ca\/wp-json\/wp\/v2\/posts\/27262","targetHints":{"allow":["GET"]}}],"collection":[{"href":"https:\/\/www.factoria-4-7.org\/ca\/wp-json\/wp\/v2\/posts"}],"about":[{"href":"https:\/\/www.factoria-4-7.org\/ca\/wp-json\/wp\/v2\/types\/post"}],"author":[{"embeddable":true,"href":"https:\/\/www.factoria-4-7.org\/ca\/wp-json\/wp\/v2\/users\/5"}],"replies":[{"embeddable":true,"href":"https:\/\/www.factoria-4-7.org\/ca\/wp-json\/wp\/v2\/comments?post=27262"}],"version-history":[{"count":5,"href":"https:\/\/www.factoria-4-7.org\/ca\/wp-json\/wp\/v2\/posts\/27262\/revisions"}],"predecessor-version":[{"id":27293,"href":"https:\/\/www.factoria-4-7.org\/ca\/wp-json\/wp\/v2\/posts\/27262\/revisions\/27293"}],"wp:featuredmedia":[{"embeddable":true,"href":"https:\/\/www.factoria-4-7.org\/ca\/wp-json\/wp\/v2\/media\/26895"}],"wp:attachment":[{"href":"https:\/\/www.factoria-4-7.org\/ca\/wp-json\/wp\/v2\/media?parent=27262"}],"wp:term":[{"taxonomy":"category","embeddable":true,"href":"https:\/\/www.factoria-4-7.org\/ca\/wp-json\/wp\/v2\/categories?post=27262"},{"taxonomy":"post_tag","embeddable":true,"href":"https:\/\/www.factoria-4-7.org\/ca\/wp-json\/wp\/v2\/tags?post=27262"},{"taxonomy":"ods","embeddable":true,"href":"https:\/\/www.factoria-4-7.org\/ca\/wp-json\/wp\/v2\/ods?post=27262"}],"curies":[{"name":"wp","href":"https:\/\/api.w.org\/{rel}","templated":true}]}}