{"id":27266,"date":"2023-02-09T10:21:56","date_gmt":"2023-02-09T09:21:56","guid":{"rendered":"https:\/\/www.factoria-4-7.org\/nou-decret-dimpuls-a-leducacio-ambiental-per-a-la-sostenibilitat\/"},"modified":"2025-12-17T12:20:04","modified_gmt":"2025-12-17T11:20:04","slug":"nou-decret-dimpuls-a-leducacio-ambiental-per-a-la-sostenibilitat","status":"publish","type":"post","link":"https:\/\/www.factoria-4-7.org\/ca\/nou-decret-dimpuls-a-leducacio-ambiental-per-a-la-sostenibilitat\/","title":{"rendered":"Nou decret d\u2019impuls a l\u2019educaci\u00f3 ambiental per a la sostenibilitat"},"content":{"rendered":"\n<div style=\"height:100px\" aria-hidden=\"true\" class=\"wp-block-spacer\"><\/div>\n\n<p>El Govern basc ha aprovat un nou decret per impulsar i consolidar l\u2019educaci\u00f3 ambiental per a la sostenibilitat que preveu, entre altres mesures, la posada en marxa d\u2019una plataforma d\u2019innovaci\u00f3 i capacitaci\u00f3 sobre educaci\u00f3 ambiental per a la sostenibilitat, l\u2019actualitzaci\u00f3 del segell Centre Educatiu Sostenible i la creaci\u00f3 d\u2019un canal digital sobre el tema.<\/p>\n\n<p>La presentaci\u00f3 del decret ha reunit a Meatzaldea Ekoetxea bona part dels agents bascos que treballen en educaci\u00f3 per a la sostenibilitat, on, a m\u00e9s, s\u2019ha donat a con\u00e8ixer la nova estrat\u00e8gia de la xarxa d\u2019Ekoetxeas. Durant la presentaci\u00f3 del decret, UN Etxea va refor\u00e7ar el comprom\u00eds de continuar treballant amb diversos agents de manera col\u00b7laborativa. <\/p>\n\n<p>\u00abEl nou decret busca impulsar i consolidar l\u2019educaci\u00f3 ambiental per a la sostenibilitat a Euskadi de la m\u00e0 de tots els agents que treballen en aquest \u00e0mbit, per tal d\u2019avan\u00e7ar cap a una nova cultura de la sostenibilitat i la promoci\u00f3 de la salut\u00bb, han assegurat.<\/p>\n\n<p>Aquest decret posa el focus en el desenvolupament de nous models de qualitat organitzativa i educativa, \u00abamb la prioritzaci\u00f3 de l\u2019\u00e0mbit de l\u2019educaci\u00f3 no formal, que coadjuvin en la corresponsabilitat de la ciutadania en la protecci\u00f3 i la conservaci\u00f3 del medi ambient; tot aix\u00f2, per a la consecuci\u00f3 d\u2019una veritable acci\u00f3 transformadora ecosocial en temps d\u2019emerg\u00e8ncia clim\u00e0tica\u00bb.<\/p>\n\n<p>El decret s\u2019articula entorn de sis l\u00ednies estrat\u00e8giques: l\u2019impuls a l\u2019Agenda Educativa 2030 i l\u2019actualitzaci\u00f3 del segell Centre Educatiu Sostenible; la creaci\u00f3 d\u2019una plataforma d\u2019innovaci\u00f3, formaci\u00f3 i capacitaci\u00f3 sobre educaci\u00f3 ambiental per a la sostenibilitat; la creaci\u00f3 d\u2019un canal digital espec\u00edfic sobre educaci\u00f3 ambiental; el desenvolupament d\u2019eines de participaci\u00f3 de la comunitat educativa; l\u2019expansi\u00f3 dels centres educatius sostenibles, i la connectivitat i l\u2019alineaci\u00f3 amb els plans educatius impulsats pel Departament d\u2019Educaci\u00f3.<\/p>\n\n<div style=\"height:100px\" aria-hidden=\"true\" class=\"wp-block-spacer\"><\/div>\n","protected":false},"excerpt":{"rendered":"<p>El Govern basc ha aprovat un nou decret per impulsar i consolidar l\u2019educaci\u00f3 ambiental per a la sostenibilitat que preveu, entre altres mesures, la posada en marxa d\u2019una plataforma d\u2019innovaci\u00f3 [&hellip;]<\/p>\n","protected":false},"author":5,"featured_media":26894,"comment_status":"closed","ping_status":"closed","sticky":false,"template":"","format":"standard","meta":{"_acf_changed":false,"footnotes":""},"categories":[212],"tags":[],"ods":[209,216,208],"class_list":["post-27266","post","type-post","status-publish","format-standard","has-post-thumbnail","hentry","category-212","ods-11-ciutats-i-comunitats-sostenibles","ods-13-accio-pel-clima","ods-15-vida-decosistemes-terrestres"],"acf":[],"_links":{"self":[{"href":"https:\/\/www.factoria-4-7.org\/ca\/wp-json\/wp\/v2\/posts\/27266","targetHints":{"allow":["GET"]}}],"collection":[{"href":"https:\/\/www.factoria-4-7.org\/ca\/wp-json\/wp\/v2\/posts"}],"about":[{"href":"https:\/\/www.factoria-4-7.org\/ca\/wp-json\/wp\/v2\/types\/post"}],"author":[{"embeddable":true,"href":"https:\/\/www.factoria-4-7.org\/ca\/wp-json\/wp\/v2\/users\/5"}],"replies":[{"embeddable":true,"href":"https:\/\/www.factoria-4-7.org\/ca\/wp-json\/wp\/v2\/comments?post=27266"}],"version-history":[{"count":3,"href":"https:\/\/www.factoria-4-7.org\/ca\/wp-json\/wp\/v2\/posts\/27266\/revisions"}],"predecessor-version":[{"id":27289,"href":"https:\/\/www.factoria-4-7.org\/ca\/wp-json\/wp\/v2\/posts\/27266\/revisions\/27289"}],"wp:featuredmedia":[{"embeddable":true,"href":"https:\/\/www.factoria-4-7.org\/ca\/wp-json\/wp\/v2\/media\/26894"}],"wp:attachment":[{"href":"https:\/\/www.factoria-4-7.org\/ca\/wp-json\/wp\/v2\/media?parent=27266"}],"wp:term":[{"taxonomy":"category","embeddable":true,"href":"https:\/\/www.factoria-4-7.org\/ca\/wp-json\/wp\/v2\/categories?post=27266"},{"taxonomy":"post_tag","embeddable":true,"href":"https:\/\/www.factoria-4-7.org\/ca\/wp-json\/wp\/v2\/tags?post=27266"},{"taxonomy":"ods","embeddable":true,"href":"https:\/\/www.factoria-4-7.org\/ca\/wp-json\/wp\/v2\/ods?post=27266"}],"curies":[{"name":"wp","href":"https:\/\/api.w.org\/{rel}","templated":true}]}}