{"id":27268,"date":"2023-02-09T10:25:49","date_gmt":"2023-02-09T09:25:49","guid":{"rendered":"https:\/\/www.factoria-4-7.org\/consulta-educacio-i-tecnologia-al-pais-basc\/"},"modified":"2025-12-17T12:22:15","modified_gmt":"2025-12-17T11:22:15","slug":"consulta-educacio-i-tecnologia-al-pais-basc","status":"publish","type":"post","link":"https:\/\/www.factoria-4-7.org\/ca\/consulta-educacio-i-tecnologia-al-pais-basc\/","title":{"rendered":"Consulta: Educaci\u00f3 i tecnologia al Pa\u00eds Basc"},"content":{"rendered":"\n<p>L\u2019objectiu de la consulta \u00e9s recopilar literatura, dades i exemples que es puguin incloure a l\u2019Informe GEM 2023, com tamb\u00e9 suggeriments de noves fonts de recerca que es puguin explorar durant l\u2019elaboraci\u00f3.<\/p>\n\n<h3 class=\"wp-block-heading\"><\/h3>\n\n<p><\/p>\n\n<h2 class=\"wp-block-heading\"><\/h2>\n\n<p>Durant la consulta, es convidar\u00e0 responsables de pol\u00edtica, persones expertes, docents i representants d\u2019organitzacions internacionals i no governamentals del Pa\u00eds Basc a respondre a cinc preguntes, les respostes de les quals proporcionaran una base d\u2019evid\u00e8ncia comparativa a partir de la qual s\u2019elaboraran recomanacions:<\/p>\n\n<ol class=\"wp-block-list\">\n<li>Qu\u00e8 sabem sobre el paper de la tecnologia a l\u2019hora d\u2019abordar cadascun dels desafiaments educatius identificats respecte a l\u2019acc\u00e9s, l\u2019equitat i la inclusi\u00f3; la qualitat; la promoci\u00f3 de la tecnologia?; i la gesti\u00f3 de sistemes?<\/li>\n\n\n\n<li>Qu\u00e8 sabem sobre els possibles impactes negatius de la tecnologia en els desafiaments educatius en cadascuna d\u2019aquestes \u00e0rees?<\/li>\n\n\n\n<li>Com faciliten els pa\u00efsos l\u2019acc\u00e9s a la tecnologia per garantir que no hi hagi difer\u00e8ncies entre els diferents educands i escoles?<\/li>\n\n\n\n<li>Com incorporen els sistemes educatius l\u2019\u00fas de la tecnologia mitjan\u00e7ant la reforma dels curr\u00edculums, el redisseny del material did\u00e0ctic i el suport docent?<\/li>\n\n\n\n<li>Com es poden abordar les conseq\u00fc\u00e8ncies negatives de l\u2019\u00fas de la tecnologia en l\u2019educaci\u00f3 i en la manera en qu\u00e8 hi repercuteixen?<\/li>\n<\/ol>\n","protected":false},"excerpt":{"rendered":"<p>L\u2019objectiu de la consulta \u00e9s recopilar literatura, dades i exemples que es puguin incloure a l\u2019Informe GEM 2023, com tamb\u00e9 suggeriments de noves fonts de recerca que es puguin explorar [&hellip;]<\/p>\n","protected":false},"author":5,"featured_media":26893,"comment_status":"closed","ping_status":"closed","sticky":false,"template":"","format":"standard","meta":{"_acf_changed":false,"footnotes":""},"categories":[212],"tags":[],"ods":[218],"class_list":["post-27268","post","type-post","status-publish","format-standard","has-post-thumbnail","hentry","category-212","ods-4-educacio-de-qualitat"],"acf":[],"_links":{"self":[{"href":"https:\/\/www.factoria-4-7.org\/ca\/wp-json\/wp\/v2\/posts\/27268","targetHints":{"allow":["GET"]}}],"collection":[{"href":"https:\/\/www.factoria-4-7.org\/ca\/wp-json\/wp\/v2\/posts"}],"about":[{"href":"https:\/\/www.factoria-4-7.org\/ca\/wp-json\/wp\/v2\/types\/post"}],"author":[{"embeddable":true,"href":"https:\/\/www.factoria-4-7.org\/ca\/wp-json\/wp\/v2\/users\/5"}],"replies":[{"embeddable":true,"href":"https:\/\/www.factoria-4-7.org\/ca\/wp-json\/wp\/v2\/comments?post=27268"}],"version-history":[{"count":3,"href":"https:\/\/www.factoria-4-7.org\/ca\/wp-json\/wp\/v2\/posts\/27268\/revisions"}],"predecessor-version":[{"id":27295,"href":"https:\/\/www.factoria-4-7.org\/ca\/wp-json\/wp\/v2\/posts\/27268\/revisions\/27295"}],"wp:featuredmedia":[{"embeddable":true,"href":"https:\/\/www.factoria-4-7.org\/ca\/wp-json\/wp\/v2\/media\/26893"}],"wp:attachment":[{"href":"https:\/\/www.factoria-4-7.org\/ca\/wp-json\/wp\/v2\/media?parent=27268"}],"wp:term":[{"taxonomy":"category","embeddable":true,"href":"https:\/\/www.factoria-4-7.org\/ca\/wp-json\/wp\/v2\/categories?post=27268"},{"taxonomy":"post_tag","embeddable":true,"href":"https:\/\/www.factoria-4-7.org\/ca\/wp-json\/wp\/v2\/tags?post=27268"},{"taxonomy":"ods","embeddable":true,"href":"https:\/\/www.factoria-4-7.org\/ca\/wp-json\/wp\/v2\/ods?post=27268"}],"curies":[{"name":"wp","href":"https:\/\/api.w.org\/{rel}","templated":true}]}}