{"id":27277,"date":"2023-08-17T13:21:55","date_gmt":"2023-08-17T11:21:55","guid":{"rendered":"https:\/\/www.factoria-4-7.org\/loei-i-el-ministeri-deducacio-despanya-llancen-la-2a-edicio-del-premi-innovacio-i-ods-als-centres-educatius\/"},"modified":"2025-12-17T12:27:09","modified_gmt":"2025-12-17T11:27:09","slug":"loei-i-el-ministeri-deducacio-despanya-llancen-la-2a-edicio-del-premi-innovacio-i-ods-als-centres-educatius","status":"publish","type":"post","link":"https:\/\/www.factoria-4-7.org\/ca\/loei-i-el-ministeri-deducacio-despanya-llancen-la-2a-edicio-del-premi-innovacio-i-ods-als-centres-educatius\/","title":{"rendered":"L\u2019OEI i el Ministeri d\u2019Educaci\u00f3 d\u2019Espanya llancen la 2a edici\u00f3 del premi Innovaci\u00f3 i ODS als centres educatius"},"content":{"rendered":"\n<h2 class=\"wp-block-heading\"><strong>Per segon any consecutiu, els projectes educatius m\u00e9s innovadors sobre els ODS de 22 pa\u00efsos iberoamericans poden participar en aquest guard\u00f3. El termini est\u00e0 obert fins al 5 d\u2019octubre d\u2019enguany. <\/strong><\/h2>\n\n<p>L\u2019Organitzaci\u00f3 d\u2019Estats Iberoamericans per a l\u2019Educaci\u00f3, la Ci\u00e8ncia i la Cultura (OEI) i el Ministeri d\u2019Educaci\u00f3 i Formaci\u00f3 Professional d\u2019Espanya han llan\u00e7at avui la segona edici\u00f3 del premi <strong>Innovaci\u00f3 i ODS als centres educatius<\/strong>. <strong> <\/strong><\/p>\n\n<p>El guard\u00f3 busca recon\u00e8ixer la implicaci\u00f3 dels centres educatius de tot Iberoam\u00e8rica en la conscienciaci\u00f3 i la difusi\u00f3 dels objectius de desenvolupament sostenible (ODS) de l\u2019Agenda 2030 dins les aules de manera innovadora.<\/p>\n\n<p>Hi poden participar centres educatius d\u2019<strong>Andorra, l\u2019Argentina, Bol\u00edvia, el Brasil, Xile, Col\u00f2mbia, Costa Rica, Cuba, El Salvador, l\u2019Equador, Espanya, Guatemala, Hondures, M\u00e8xic, Nicaragua, el Panam\u00e0, el Paraguai, el Per\u00fa, Portugal, la Rep\u00fablica Dominicana i l\u2019Uruguai.<\/strong><\/p>\n\n<p>La convocat\u00f2ria est\u00e0 oberta fins al 5 d\u2019octubre vinent per als centres educatius dels nivells d\u2019infantil, prim\u00e0ria, secund\u00e0ria, batxillerat, educaci\u00f3 tecnicoprofessional i educaci\u00f3 de persones joves i adultes, com tamb\u00e9 per als que treballen la modalitat d\u2019educaci\u00f3 especial, amb projectes que s\u2019hagin executat entre l\u20191 de gener de 2022 i el 31 d\u2019agost de 2023.<\/p>\n\n<p>El guard\u00f3 reconeixer\u00e0 tres institucions educatives que destaquin per la pertin\u00e8ncia i la innovaci\u00f3, com tamb\u00e9 per la implicaci\u00f3 de la comunitat educativa i la sostenibilitat en el temps, entre altres criteris. La millor iniciativa rebr\u00e0 <strong>un reconeixement de 10 mil euros, mentre que les altres dues finalistes obtindran un premi de 5 mil euros<\/strong>, que podran fer servir per donar continu\u00eftat o enfortir el projecte educatiu. <strong>Les sol\u00b7licituds es poden presentar a trav\u00e9s d\u2019aquest <\/strong><a href=\"https:\/\/forms.office.com\/pages\/responsepage.aspx?id=RCDnxlDvVUG4M1R-c13Lgr4j9pSsIaBNl6SrxPK0vuNUM0lISDZEQ0hVQUU5SllZSTRJSU9GVDNLSSQlQCN0PWcu&amp;web=1&amp;wdLOR=c906D60A6-F082-4AED-86D9-881CD0684A05\"><strong>formulari.<\/strong><\/a>  <\/p>\n\n<p>Experts en la mat\u00e8ria i especialistes de les institucions convocants formaran la comissi\u00f3 del jurat, que seleccionar\u00e0 els guanyadors abans del 30 d\u2019octubre. Els projectes guanyadors seran convidats a participar en un esdeveniment de repartiment de premis que es dur\u00e0 a terme a finals d\u2019enguany i tindran la possibilitat de participar el 2024 en el II Seminari Iberoameric\u00e0 d\u2019Innovaci\u00f3 i Recerca Educativa, promogut per la <a href=\"https:\/\/oei.int\/oficinas\/secretaria-general\/noticias\/la-oei-y-el-ministerio-de-educacion-y-formacion-profesional-de-espana-lanzan-red-iberoamericana-de-innovacion-e-investigacion-educativa\">Xarxa Iberoamericana d\u2019Innovaci\u00f3 i Recerca Educativa<\/a>, creada per l\u2019OEI i el Ministeri d\u2019Educaci\u00f3 i Formaci\u00f3 Professional l\u2019any passat. <\/p>\n\n<ul class=\"wp-block-list\">\n<li><a target=\"_blank\" href=\"https:\/\/oei.int\/downloads\/blobs\/eyJfcmFpbHMiOnsibWVzc2FnZSI6IkJBaHBBcEJwIiwiZXhwIjpudWxsLCJwdXIiOiJibG9iX2lkIn19--1cf8feb49f6412995715b2e5ea10f2fb2c3925b6\/ES_Bases%202%C2%AA%20convocatoria%20Premio%20ODS%20Centros%20Educativos.pdf\" rel=\"noreferrer noopener\">ES_Bases_2\u00aa Convocatoria Premio &#8216;Innovaci\u00f3n y ODS en los centros educativos&#8217; (PDF 600 KB)<\/a><\/li>\n\n\n\n<li><a target=\"_blank\" href=\"https:\/\/oei.int\/downloads\/blobs\/eyJfcmFpbHMiOnsibWVzc2FnZSI6IkJBaHBBcEZwIiwiZXhwIjpudWxsLCJwdXIiOiJibG9iX2lkIn19--263311c4526881ede8119f70349447d6ec3da2fd\/PT_Edital_2%C2%AA%20convocatoria%20Premio%20ODS%20Centros%20Educativos.pdf\" rel=\"noreferrer noopener\">PT_Edital_2\u00aa Convocat\u00f3ria Pr\u00eamio &#8216;Innova\u00e7ao e ODS nos centros educativos&#8217; (PDF 700 KB)<\/a><\/li>\n<\/ul>\n","protected":false},"excerpt":{"rendered":"<p>Per segon any consecutiu, els projectes educatius m\u00e9s innovadors sobre els ODS de 22 pa\u00efsos iberoamericans poden participar en aquest guard\u00f3. El termini est\u00e0 obert fins al 5 d\u2019octubre d\u2019enguany. [&hellip;]<\/p>\n","protected":false},"author":6,"featured_media":26891,"comment_status":"closed","ping_status":"closed","sticky":false,"template":"","format":"standard","meta":{"_acf_changed":false,"footnotes":""},"categories":[212],"tags":[],"ods":[218,219],"class_list":["post-27277","post","type-post","status-publish","format-standard","has-post-thumbnail","hentry","category-212","ods-4-educacio-de-qualitat","ods-9-industria-innovacio-i-infraestructura"],"acf":[],"_links":{"self":[{"href":"https:\/\/www.factoria-4-7.org\/ca\/wp-json\/wp\/v2\/posts\/27277","targetHints":{"allow":["GET"]}}],"collection":[{"href":"https:\/\/www.factoria-4-7.org\/ca\/wp-json\/wp\/v2\/posts"}],"about":[{"href":"https:\/\/www.factoria-4-7.org\/ca\/wp-json\/wp\/v2\/types\/post"}],"author":[{"embeddable":true,"href":"https:\/\/www.factoria-4-7.org\/ca\/wp-json\/wp\/v2\/users\/6"}],"replies":[{"embeddable":true,"href":"https:\/\/www.factoria-4-7.org\/ca\/wp-json\/wp\/v2\/comments?post=27277"}],"version-history":[{"count":7,"href":"https:\/\/www.factoria-4-7.org\/ca\/wp-json\/wp\/v2\/posts\/27277\/revisions"}],"predecessor-version":[{"id":27305,"href":"https:\/\/www.factoria-4-7.org\/ca\/wp-json\/wp\/v2\/posts\/27277\/revisions\/27305"}],"wp:featuredmedia":[{"embeddable":true,"href":"https:\/\/www.factoria-4-7.org\/ca\/wp-json\/wp\/v2\/media\/26891"}],"wp:attachment":[{"href":"https:\/\/www.factoria-4-7.org\/ca\/wp-json\/wp\/v2\/media?parent=27277"}],"wp:term":[{"taxonomy":"category","embeddable":true,"href":"https:\/\/www.factoria-4-7.org\/ca\/wp-json\/wp\/v2\/categories?post=27277"},{"taxonomy":"post_tag","embeddable":true,"href":"https:\/\/www.factoria-4-7.org\/ca\/wp-json\/wp\/v2\/tags?post=27277"},{"taxonomy":"ods","embeddable":true,"href":"https:\/\/www.factoria-4-7.org\/ca\/wp-json\/wp\/v2\/ods?post=27277"}],"curies":[{"name":"wp","href":"https:\/\/api.w.org\/{rel}","templated":true}]}}