{"id":27279,"date":"2023-07-06T14:26:33","date_gmt":"2023-07-06T12:26:33","guid":{"rendered":"https:\/\/www.factoria-4-7.org\/i-trobada-plenaria-del-movimiento-4-7\/"},"modified":"2025-12-17T12:31:09","modified_gmt":"2025-12-17T11:31:09","slug":"i-trobada-plenaria-del-movimiento-4-7","status":"publish","type":"post","link":"https:\/\/www.factoria-4-7.org\/ca\/i-trobada-plenaria-del-movimiento-4-7\/","title":{"rendered":"I Trobada Plen\u00e0ria del Movimiento 4.7"},"content":{"rendered":"\n<p>El dimarts 4 de juliol es va portar a terme la <strong>I Trobada Plen\u00e0ria del Movimiento 4.7<\/strong> a l\u2019espai Ecooo de Madrid. M\u00e9s de 19 entitats s\u2019hi van reunir per treballar juntes en el seguiment de la meta 4.7 dels ODS en l\u2019agenda p\u00fablica i, d\u2019aquesta manera, posar en valor la import\u00e0ncia de l\u2019educaci\u00f3 per al desenvolupament sostenible i la ciutadania global. <\/p>\n\n<p>El Movimiento 4.7, que ha disposat des de l\u2019inici del suport de l\u2019Ag\u00e8ncia Espanyola de Cooperaci\u00f3 Internacional (AECID), s\u2019impulsa des del consorci format per <a href=\"https:\/\/www.alboan.org\/es\">Alboan<\/a>, <a href=\"https:\/\/www.entreculturas.org\/es\/home\">Entreculturas<\/a>, <a href=\"https:\/\/intered.org\/es\">Intered<\/a> i <a href=\"https:\/\/ongawa.org\/\">ONGAWA<\/a>. Es va encarregar de coordinar i facilitar la jornada l\u2019equip t\u00e8cnic d\u2019aquestes organitzacions, que tamb\u00e9 hi van participar com a entitats que formen part del Movimiento 4.7.  <\/p>\n\n<p>Es va convocar a l\u2019esdeveniment <strong>les persones i les entitats adherides, que van sumar m\u00e9s de la meitat de les organitzacions que actualment formen part del Movimiento 4.7, com tamb\u00e9 altres entitats col\u00b7laboradores o interessades en la feina que es fa<\/strong>. Entre aquestes, destaquem la pres\u00e8ncia de la <a href=\"https:\/\/www.kaidara.org\/quienes-somos\/\">Xarxa d\u2019Educadors i Educadores per a la Ciutadania Global<\/a>, la <a href=\"https:\/\/coordinadoraongd.org\/\">Coordinadora d\u2019ONG per al Desenvolupament<\/a> i <a href=\"https:\/\/www.congdnavarra.org\/\">Coordinadora d\u2019ONGD de Navarra<\/a>, <a href=\"https:\/\/spain.ashoka.org\/\">Ashoka<\/a>, <a href=\"https:\/\/aspa-andalucia.org\/\">ASPA<\/a>, <a href=\"https:\/\/dfcspain.org\/\">Design for Change<\/a>, <a href=\"https:\/\/www.egibide.org\/\">EGIBIDE<\/a>, <a href=\"https:\/\/fad.es\/\">FAD Juventud<\/a>, <a href=\"https:\/\/www.fisc-ongd.org\/\">FISC ONGD<\/a>, <a href=\"https:\/\/kubbo.org\/\">Kubbo<\/a>, <a href=\"https:\/\/www.madrecoraje.org\/\">Asociaci\u00f3n Madre Coraje<\/a>, <a href=\"https:\/\/mainel.org\/\">Fundaci\u00f3n Mainel<\/a>, <a href=\"https:\/\/onay.org\/\">Onay<\/a> i <a href=\"https:\/\/unetxea.org\/\">UN Etxea<\/a>. Tamb\u00e9 hi va participar el m\u00f3n acad\u00e8mic de la m\u00e0 de la Universitat Camilo Jos\u00e9 Cela i la Universitat de Sevilla.  <\/p>\n\n<figure class=\"wp-block-image size-large\"><img loading=\"lazy\" decoding=\"async\" width=\"1024\" height=\"768\" src=\"https:\/\/www.factoria-4-7.org\/wp-content\/uploads\/2023\/07\/I-Encuentro-Plenario-Movimiento-4.7-9-1024x768.jpeg\" alt=\"\" class=\"wp-image-4342\" srcset=\"https:\/\/www.factoria-4-7.org\/wp-content\/uploads\/2023\/07\/I-Encuentro-Plenario-Movimiento-4.7-9-1024x768.jpeg 1024w, https:\/\/www.factoria-4-7.org\/wp-content\/uploads\/2023\/07\/I-Encuentro-Plenario-Movimiento-4.7-9-300x225.jpeg 300w, https:\/\/www.factoria-4-7.org\/wp-content\/uploads\/2023\/07\/I-Encuentro-Plenario-Movimiento-4.7-9-768x576.jpeg 768w, https:\/\/www.factoria-4-7.org\/wp-content\/uploads\/2023\/07\/I-Encuentro-Plenario-Movimiento-4.7-9-1536x1152.jpeg 1536w, https:\/\/www.factoria-4-7.org\/wp-content\/uploads\/2023\/07\/I-Encuentro-Plenario-Movimiento-4.7-9.jpeg 1600w\" sizes=\"auto, (max-width: 1024px) 100vw, 1024px\" \/><\/figure>\n\n<p>En concret, l\u2019objectiu de la sessi\u00f3 va ser reflexionar i compartir la feina feta fins ara i establir les l\u00ednies d\u2019acci\u00f3 principals per al futur m\u00e9s pr\u00f2xim, com tamb\u00e9 una estructura de treball organitzada i comuna. <\/p>\n\n<p>A la sessi\u00f3 del mat\u00ed, a trav\u00e9s d\u2019una metodologia participativa, es va treballar la visi\u00f3 del Movimiento 4.7 i es va recopilar i avaluar la feina feta, a m\u00e9s d\u2019analitzar el context per detectar oportunitats i reptes. D\u2019aquesta reflexi\u00f3, en van sorgir les l\u00ednies d\u2019acci\u00f3 principals per al futur m\u00e9s pr\u00f2xim:  <\/p>\n\n<ul class=\"wp-block-list\">\n<li>La necessitat de <strong>sumar m\u00e9s participaci\u00f3 d\u2019actors de la comunitat educativa<\/strong> (centres, professorat i alumnat, fam\u00edlies). Es tracta d\u2019afavorir i incorporar processos inclusius que col\u00b7loquin la comunitat educativa al centre a trav\u00e9s de propostes, iniciatives i processos formatius que desenvolupin les compet\u00e8ncies necess\u00e0ries per generar una ciutadania global. <\/li>\n\n\n\n<li><strong>La comunicaci\u00f3 i la incid\u00e8ncia <\/strong>davant les administracions p\u00fabliques i els prenedors de decisi\u00f3 per <strong>passar de la voluntat pol\u00edtica al comprom\u00eds pol\u00edtic<\/strong> en el compliment de la meta 4.7. Passar d\u2019un proc\u00e9s d\u2019incid\u00e8ncia individualitzat des d\u2019organitzacions a un conjunt com a moviment articulat de la societat civil.  <\/li>\n\n\n\n<li>La projecci\u00f3 del que fem davant la ciutadania per <strong>transmetre el valor de l\u2019educaci\u00f3 per al desenvolupament sostenible i la ciutadania global<\/strong>. Generar espais de di\u00e0leg i propostes que siguin intersectorials, per\u00f2 tamb\u00e9 intergeneracionals, escoltar activament i comprometre\u2019ns amb la conversa sobre educaci\u00f3 per al desenvolupament all\u00e0 on es produeixi, participar als f\u00f2rums m\u00e9s rellevants, al nombre m\u00e9s gran d\u2019espais possibles i amb els interlocutors m\u00e9s diversos. <\/li>\n<\/ul>\n\n<p>Les conclusions d\u2019aquest exercici es van posar en contrast amb el manifest del Movimiento 4.7, full de ruta com\u00fa i compartit i element principal d\u2019incid\u00e8ncia pol\u00edtica. <\/p>\n\n<p>A la sessi\u00f3 de la tarda, es van tractar q\u00fcestions internes d\u2019organitzaci\u00f3 del Movimiento 4.7 i es van plantejar els primers passos i acords per portar a terme <strong>una estructura de treball organitzada i un sistema compartit de presa de decisions<\/strong>. Per acabar, es va fer un taller enfocat en &#8216;storytelling&#8217;, en qu\u00e8 les persones participants van compartir idees sobre <strong>com comunicar qu\u00e8 \u00e9s i qu\u00e8 fa el Movimiento 4.7<\/strong>, amb l\u2019objectiu d\u2019amplificar-ne el missatge i arribar a sumar una participaci\u00f3 m\u00e9s gran.  <\/p>\n\n<p>El grup es va empla\u00e7ar despr\u00e9s de les vacances per continuar les activitats en marxa, concretar l\u2019estructura organitzativa i obrir noves l\u00ednies de treball.<\/p>\n\n<figure class=\"wp-block-image size-large\"><img loading=\"lazy\" decoding=\"async\" width=\"1024\" height=\"576\" src=\"https:\/\/www.factoria-4-7.org\/wp-content\/uploads\/2023\/07\/I-Encuentro-Plenario-Movimiento-4.7-52-1024x576.jpeg\" alt=\"\" class=\"wp-image-4344\" srcset=\"https:\/\/www.factoria-4-7.org\/wp-content\/uploads\/2023\/07\/I-Encuentro-Plenario-Movimiento-4.7-52-1024x576.jpeg 1024w, https:\/\/www.factoria-4-7.org\/wp-content\/uploads\/2023\/07\/I-Encuentro-Plenario-Movimiento-4.7-52-300x169.jpeg 300w, https:\/\/www.factoria-4-7.org\/wp-content\/uploads\/2023\/07\/I-Encuentro-Plenario-Movimiento-4.7-52-768x432.jpeg 768w, https:\/\/www.factoria-4-7.org\/wp-content\/uploads\/2023\/07\/I-Encuentro-Plenario-Movimiento-4.7-52-1536x864.jpeg 1536w, https:\/\/www.factoria-4-7.org\/wp-content\/uploads\/2023\/07\/I-Encuentro-Plenario-Movimiento-4.7-52.jpeg 1920w\" sizes=\"auto, (max-width: 1024px) 100vw, 1024px\" \/><\/figure>\n\n<p>En aquesta primera trobada, l\u2019<a href=\"https:\/\/www.factoria-4-7.org\/rce-basque-country-navarre\/\">RCE Basque Country-Navarre<\/a> va estar representat per cinc entitats:<\/p>\n\n<ul class=\"wp-block-list\">\n<li><a href=\"https:\/\/www.alboan.org\/es\">Alboan | ONG dels jesu\u00eftes<\/a><\/li>\n\n\n\n<li><a href=\"https:\/\/unetxea.org\/\">UN ETXEA \u2013 Associaci\u00f3 del Pa\u00eds Basc per a la UNESCO<\/a><\/li>\n\n\n\n<li><a href=\"https:\/\/www.egibide.org\/\">Egibide Vit\u00f2ria-Gasteiz \u00c0laba | ESO | Batxillerat | Formaci\u00f3<\/a><\/li>\n\n\n\n<li><a href=\"https:\/\/www.congdnavarra.org\/\">Coordinadora ONGD de Navarra<\/a><\/li>\n\n\n\n<li><a href=\"https:\/\/onay.org\/\">ONAY \u2013 Organizaci\u00f3n Navarra para Ayuda entre los pueblos<\/a><\/li>\n<\/ul>\n","protected":false},"excerpt":{"rendered":"<p>El dimarts 4 de juliol es va portar a terme la I Trobada Plen\u00e0ria del Movimiento 4.7 a l\u2019espai Ecooo de Madrid. M\u00e9s de 19 entitats s\u2019hi van reunir per [&hellip;]<\/p>\n","protected":false},"author":6,"featured_media":26890,"comment_status":"closed","ping_status":"closed","sticky":false,"template":"","format":"standard","meta":{"_acf_changed":false,"footnotes":""},"categories":[212],"tags":[],"ods":[220,218],"class_list":["post-27279","post","type-post","status-publish","format-standard","has-post-thumbnail","hentry","category-212","ods-17-aliances-per-assolir-els-objectius","ods-4-educacio-de-qualitat"],"acf":[],"_links":{"self":[{"href":"https:\/\/www.factoria-4-7.org\/ca\/wp-json\/wp\/v2\/posts\/27279","targetHints":{"allow":["GET"]}}],"collection":[{"href":"https:\/\/www.factoria-4-7.org\/ca\/wp-json\/wp\/v2\/posts"}],"about":[{"href":"https:\/\/www.factoria-4-7.org\/ca\/wp-json\/wp\/v2\/types\/post"}],"author":[{"embeddable":true,"href":"https:\/\/www.factoria-4-7.org\/ca\/wp-json\/wp\/v2\/users\/6"}],"replies":[{"embeddable":true,"href":"https:\/\/www.factoria-4-7.org\/ca\/wp-json\/wp\/v2\/comments?post=27279"}],"version-history":[{"count":5,"href":"https:\/\/www.factoria-4-7.org\/ca\/wp-json\/wp\/v2\/posts\/27279\/revisions"}],"predecessor-version":[{"id":27311,"href":"https:\/\/www.factoria-4-7.org\/ca\/wp-json\/wp\/v2\/posts\/27279\/revisions\/27311"}],"wp:featuredmedia":[{"embeddable":true,"href":"https:\/\/www.factoria-4-7.org\/ca\/wp-json\/wp\/v2\/media\/26890"}],"wp:attachment":[{"href":"https:\/\/www.factoria-4-7.org\/ca\/wp-json\/wp\/v2\/media?parent=27279"}],"wp:term":[{"taxonomy":"category","embeddable":true,"href":"https:\/\/www.factoria-4-7.org\/ca\/wp-json\/wp\/v2\/categories?post=27279"},{"taxonomy":"post_tag","embeddable":true,"href":"https:\/\/www.factoria-4-7.org\/ca\/wp-json\/wp\/v2\/tags?post=27279"},{"taxonomy":"ods","embeddable":true,"href":"https:\/\/www.factoria-4-7.org\/ca\/wp-json\/wp\/v2\/ods?post=27279"}],"curies":[{"name":"wp","href":"https:\/\/api.w.org\/{rel}","templated":true}]}}