{"id":27320,"date":"2023-10-11T16:15:33","date_gmt":"2023-10-11T14:15:33","guid":{"rendered":"https:\/\/www.factoria-4-7.org\/es-presenta-lalianca-basca-pels-ods-subscrita-per-55-entitats-per-collaborar-en-el-desenvolupament-de-lagenda-2030\/"},"modified":"2025-12-17T13:39:39","modified_gmt":"2025-12-17T12:39:39","slug":"es-presenta-lalianca-basca-pels-ods-subscrita-per-55-entitats-per-collaborar-en-el-desenvolupament-de-lagenda-2030","status":"publish","type":"post","link":"https:\/\/www.factoria-4-7.org\/ca\/es-presenta-lalianca-basca-pels-ods-subscrita-per-55-entitats-per-collaborar-en-el-desenvolupament-de-lagenda-2030\/","title":{"rendered":"Es presenta l\u2019Alian\u00e7a Basca pels ODS, subscrita per 55 entitats per col\u00b7laborar en el desenvolupament de l\u2019Agenda 2030"},"content":{"rendered":"\n<p>El 2 d\u2019octubre el lehendakari Urkullu ha presentat a Euskadi l\u2019Alian\u00e7a Basca per assolir els objectius de desenvolupament sostenible (ODS). El lehendakari ha emfatitzat la import\u00e0ncia del conjunt d\u2019accions que componen el \u00abtriple pas\u00bb, que inclou la creaci\u00f3 de l\u2019Agenda Basca basada en els objectius de desenvolupament sostenible, la declaraci\u00f3 \u00abPer a un Contracte Social Agenda 2030 Euskadi\u00bb i la Guia per implementar l\u2019Agenda 2030 en empreses i organitzacions. Per a la integraci\u00f3 dels ODS a Euskadi han emanat del F\u00f2rum Agenda 2030 Euskadi diverses eines per a la implementaci\u00f3 correcta.   <\/p>\n\n<p>Urkullu ha recalcat que l\u2019Agenda 2030 \u00e9s necess\u00e0ria per aconseguir el canvi en la societat. \u00c9s possible fer front a les adversitats i als grans desafiaments del m\u00f3n actual mitjan\u00e7ant la col\u00b7laboraci\u00f3 global i local. Aix\u00ed mateix, s\u2019ha donat a con\u00e8ixer la declaraci\u00f3 \u00abPer a un Contracte Social Agenda 2030 Euskadi\u00bb, que inclou m\u00e9s de 50 actors socials i cont\u00e9 cinc compromisos:   <\/p>\n\n<ul class=\"wp-block-list\">\n<li>El refor\u00e7ament de les col\u00b7laboracions entre les organitzacions socials<\/li>\n\n\n\n<li>La implementaci\u00f3 dels ODS en la gesti\u00f3 i el funcionament intern d\u2019empreses i organitzacions<\/li>\n\n\n\n<li>La divulgaci\u00f3 i la promoci\u00f3 de l\u2019Agenda 2030\n<ul class=\"wp-block-list\">\n<li>impulsar la participaci\u00f3 i la implicaci\u00f3 ciutadana<\/li>\n<\/ul>\n<\/li>\n\n\n\n<li>La impulsi\u00f3 dels principis de solidaritat i sostenibilitat <\/li>\n\n\n\n<li>La modelitzaci\u00f3 de l\u2019experi\u00e8ncia basca i l\u2019afavoriment de l\u2019intercanvi en l\u2019\u00e0mbit internacional.<\/li>\n<\/ul>\n\n<p>Tamb\u00e9 s\u2019ha presentat una <strong>Guia per desenvolupar l\u2019Agenda 2030 en empreses i organitzacions<\/strong>, en qu\u00e8 s\u2019ofereix a les entitats la possibilitat d\u2019incorporar els ODS en tres etapes potencials: <\/p>\n\n<ul class=\"wp-block-list\">\n<li>etapa d\u2019aproximaci\u00f3<\/li>\n\n\n\n<li>etapa d\u2019inici<\/li>\n\n\n\n<li>etapa de m\u00e9s comprom\u00eds<\/li>\n<\/ul>\n\n<p>Es busca el comprom\u00eds de les empreses per solidaritat, responsabilitat, intel\u00b7lig\u00e8ncia i inter\u00e8s propi, ja que cada vegada m\u00e9s es necessitaran models de gesti\u00f3 responsable i sostenible i solidaris. A m\u00e9s, la iniciativa s\u2019ha portat a terme gr\u00e0cies tamb\u00e9 a la col\u00b7laboraci\u00f3 amb Guneak del F\u00f2rum Agenda 2030 Euskadi. <\/p>\n\n<p><\/p>\n\n<figure class=\"wp-block-image size-large\"><img loading=\"lazy\" decoding=\"async\" width=\"1024\" height=\"576\" src=\"https:\/\/www.factoria-4-7.org\/wp-content\/uploads\/2023\/10\/Alianza-Vasca-1024x576.jpg\" alt=\"\" class=\"wp-image-4578\" srcset=\"https:\/\/www.factoria-4-7.org\/wp-content\/uploads\/2023\/10\/Alianza-Vasca-1024x576.jpg 1024w, https:\/\/www.factoria-4-7.org\/wp-content\/uploads\/2023\/10\/Alianza-Vasca-300x169.jpg 300w, https:\/\/www.factoria-4-7.org\/wp-content\/uploads\/2023\/10\/Alianza-Vasca-768x432.jpg 768w, https:\/\/www.factoria-4-7.org\/wp-content\/uploads\/2023\/10\/Alianza-Vasca.jpg 1200w\" sizes=\"auto, (max-width: 1024px) 100vw, 1024px\" \/><\/figure>\n","protected":false},"excerpt":{"rendered":"<p>El 2 d\u2019octubre el lehendakari Urkullu ha presentat a Euskadi l\u2019Alian\u00e7a Basca per assolir els objectius de desenvolupament sostenible (ODS). El lehendakari ha emfatitzat la import\u00e0ncia del conjunt d\u2019accions que [&hellip;]<\/p>\n","protected":false},"author":6,"featured_media":27321,"comment_status":"closed","ping_status":"closed","sticky":false,"template":"","format":"standard","meta":{"_acf_changed":false,"footnotes":""},"categories":[212],"tags":[],"ods":[220],"class_list":["post-27320","post","type-post","status-publish","format-standard","has-post-thumbnail","hentry","category-212","ods-17-aliances-per-assolir-els-objectius"],"acf":[],"_links":{"self":[{"href":"https:\/\/www.factoria-4-7.org\/ca\/wp-json\/wp\/v2\/posts\/27320","targetHints":{"allow":["GET"]}}],"collection":[{"href":"https:\/\/www.factoria-4-7.org\/ca\/wp-json\/wp\/v2\/posts"}],"about":[{"href":"https:\/\/www.factoria-4-7.org\/ca\/wp-json\/wp\/v2\/types\/post"}],"author":[{"embeddable":true,"href":"https:\/\/www.factoria-4-7.org\/ca\/wp-json\/wp\/v2\/users\/6"}],"replies":[{"embeddable":true,"href":"https:\/\/www.factoria-4-7.org\/ca\/wp-json\/wp\/v2\/comments?post=27320"}],"version-history":[{"count":1,"href":"https:\/\/www.factoria-4-7.org\/ca\/wp-json\/wp\/v2\/posts\/27320\/revisions"}],"predecessor-version":[{"id":27322,"href":"https:\/\/www.factoria-4-7.org\/ca\/wp-json\/wp\/v2\/posts\/27320\/revisions\/27322"}],"wp:featuredmedia":[{"embeddable":true,"href":"https:\/\/www.factoria-4-7.org\/ca\/wp-json\/wp\/v2\/media\/27321"}],"wp:attachment":[{"href":"https:\/\/www.factoria-4-7.org\/ca\/wp-json\/wp\/v2\/media?parent=27320"}],"wp:term":[{"taxonomy":"category","embeddable":true,"href":"https:\/\/www.factoria-4-7.org\/ca\/wp-json\/wp\/v2\/categories?post=27320"},{"taxonomy":"post_tag","embeddable":true,"href":"https:\/\/www.factoria-4-7.org\/ca\/wp-json\/wp\/v2\/tags?post=27320"},{"taxonomy":"ods","embeddable":true,"href":"https:\/\/www.factoria-4-7.org\/ca\/wp-json\/wp\/v2\/ods?post=27320"}],"curies":[{"name":"wp","href":"https:\/\/api.w.org\/{rel}","templated":true}]}}