{"id":27325,"date":"2023-10-19T16:09:49","date_gmt":"2023-10-19T14:09:49","guid":{"rendered":"https:\/\/www.factoria-4-7.org\/el-geoparc-de-la-costa-basca-participa-en-la-x-conferencia-internacional-de-geoparcs-mundials-de-la-unesco\/"},"modified":"2025-12-17T13:48:46","modified_gmt":"2025-12-17T12:48:46","slug":"el-geoparc-de-la-costa-basca-participa-en-la-x-conferencia-internacional-de-geoparcs-mundials-de-la-unesco","status":"publish","type":"post","link":"https:\/\/www.factoria-4-7.org\/ca\/el-geoparc-de-la-costa-basca-participa-en-la-x-conferencia-internacional-de-geoparcs-mundials-de-la-unesco\/","title":{"rendered":"El Geoparc de la Costa Basca participa en la X Confer\u00e8ncia Internacional de Geoparcs Mundials de la UNESCO"},"content":{"rendered":"\n<p><strong>El Geoparc de la Costa Basca va presentar una pon\u00e8ncia el tema principal de la qual va ser l\u2019estrat\u00e8gia de participaci\u00f3 anomenada<\/strong> <a href=\"https:\/\/geoparkea.eus\/es\/entidades-colaboradoras\">Geoparkezaleak<\/a>, \u00e9s a dir, la participaci\u00f3 d\u2019entitats com ara les empreses d\u2019\u00e0mbit tur\u00edstic dels municipis de Deba, Mutriku i Zumaia que han acreditat estar immerses en processos de qualitat i millora cont\u00ednua, juntament amb altres entitats com les <a href=\"https:\/\/geoparkea.eus\/es\/ciencia-educacion\/geoeskolak\">Geoeskolak<\/a>, associacions culturals, associacions esportives i fins i tot les empreses industrials que col\u00b7laboren amb Geoparkea. <\/p>\n\n<p><a href=\"https:\/\/geoparkea.eus\/es\/noticias\/geoparkea-participa-conferencia-marraquech-unesco\">El Geoparc de la Costa Basca participa en la X Confer\u00e8ncia Internacional de Geoparcs Mundials de la UNESCO &#8211; Geoparkea &#8211; Flysch &amp; Karst experience<\/a><\/p>\n","protected":false},"excerpt":{"rendered":"<p>El Geoparc de la Costa Basca va presentar una pon\u00e8ncia el tema principal de la qual va ser l\u2019estrat\u00e8gia de participaci\u00f3 anomenada Geoparkezaleak, \u00e9s a dir, la participaci\u00f3 d\u2019entitats com [&hellip;]<\/p>\n","protected":false},"author":6,"featured_media":26883,"comment_status":"closed","ping_status":"closed","sticky":false,"template":"","format":"standard","meta":{"_acf_changed":false,"footnotes":""},"categories":[212],"tags":[],"ods":[209,230,234],"class_list":["post-27325","post","type-post","status-publish","format-standard","has-post-thumbnail","hentry","category-212","ods-11-ciutats-i-comunitats-sostenibles","ods-12-produccio-i-consum-sostenibles","ods-18-diversitat-linguistica-i-cultural"],"acf":[],"_links":{"self":[{"href":"https:\/\/www.factoria-4-7.org\/ca\/wp-json\/wp\/v2\/posts\/27325","targetHints":{"allow":["GET"]}}],"collection":[{"href":"https:\/\/www.factoria-4-7.org\/ca\/wp-json\/wp\/v2\/posts"}],"about":[{"href":"https:\/\/www.factoria-4-7.org\/ca\/wp-json\/wp\/v2\/types\/post"}],"author":[{"embeddable":true,"href":"https:\/\/www.factoria-4-7.org\/ca\/wp-json\/wp\/v2\/users\/6"}],"replies":[{"embeddable":true,"href":"https:\/\/www.factoria-4-7.org\/ca\/wp-json\/wp\/v2\/comments?post=27325"}],"version-history":[{"count":1,"href":"https:\/\/www.factoria-4-7.org\/ca\/wp-json\/wp\/v2\/posts\/27325\/revisions"}],"predecessor-version":[{"id":27326,"href":"https:\/\/www.factoria-4-7.org\/ca\/wp-json\/wp\/v2\/posts\/27325\/revisions\/27326"}],"wp:featuredmedia":[{"embeddable":true,"href":"https:\/\/www.factoria-4-7.org\/ca\/wp-json\/wp\/v2\/media\/26883"}],"wp:attachment":[{"href":"https:\/\/www.factoria-4-7.org\/ca\/wp-json\/wp\/v2\/media?parent=27325"}],"wp:term":[{"taxonomy":"category","embeddable":true,"href":"https:\/\/www.factoria-4-7.org\/ca\/wp-json\/wp\/v2\/categories?post=27325"},{"taxonomy":"post_tag","embeddable":true,"href":"https:\/\/www.factoria-4-7.org\/ca\/wp-json\/wp\/v2\/tags?post=27325"},{"taxonomy":"ods","embeddable":true,"href":"https:\/\/www.factoria-4-7.org\/ca\/wp-json\/wp\/v2\/ods?post=27325"}],"curies":[{"name":"wp","href":"https:\/\/api.w.org\/{rel}","templated":true}]}}