{"id":27345,"date":"2024-03-07T11:01:44","date_gmt":"2024-03-07T10:01:44","guid":{"rendered":"https:\/\/www.factoria-4-7.org\/artivisme-la-creativitat-com-a-eina-de-transformacio-social\/"},"modified":"2025-12-17T15:14:23","modified_gmt":"2025-12-17T14:14:23","slug":"artivisme-la-creativitat-com-a-eina-de-transformacio-social","status":"publish","type":"post","link":"https:\/\/www.factoria-4-7.org\/ca\/artivisme-la-creativitat-com-a-eina-de-transformacio-social\/","title":{"rendered":"Artivisme, la creativitat com a eina de transformaci\u00f3 social"},"content":{"rendered":"\n<p>El taller sobre artivisme acaba amb una acci\u00f3 de guerrilla de comunicaci\u00f3 el Dia Mundial de l\u2019Educaci\u00f3 Ambiental. <\/p>\n\n<p>En un m\u00f3n saturat d\u2019informaci\u00f3 i est\u00edmuls, <strong>la creativitat pot ser una aliada per promoure la reflexi\u00f3 i transformar la societat<\/strong>.<\/p>\n\n<p>L\u2019alumnat de la mat\u00e8ria de Compet\u00e8ncies Digitals de l\u2019IES Valle Incl\u00e1n de Pontevedra va participar en un taller centrat en l\u2019artivisme com a eina de transformaci\u00f3 social, impartit per les nostres s\u00f2cies d\u2019Agareso, ONGD especialitzada en comunicaci\u00f3 social. L\u2019activitat, finan\u00e7ada per la Secretaria d\u2019Estat per a l\u2019Agenda 2030, s\u2019emmarca en el projecte <a href=\"https:\/\/futuroencomun.net\/\">Futur en Com\u00fa.<\/a> <\/p>\n\n<p>El taller va comen\u00e7ar el novembre del 2023 i va consistir en tres sessions formatives en qu\u00e8 l\u2019alumnat va aprendre t\u00e8cniques com la de <strong>guerrilla de comunicaci\u00f3<\/strong>, alhora que es va treballar en valors com la just\u00edcia social, la cura del medi ambient i la responsabilitat que tenim com a societat per construir un futur m\u00e9s just.<\/p>\n\n<p><a href=\"https:\/\/galiciasolidaria.org\/artivismo-a-creatividade-como-ferramenta-de-transformacion-social\/\">Artivisme, la creativitat com a eina de transformaci\u00f3 social &#8211; Coordinadora Gallega d&#8217;ONG per al Desenvolupament (galiciasolidaria.org)<\/a><\/p>\n","protected":false},"excerpt":{"rendered":"<p>El taller sobre artivisme acaba amb una acci\u00f3 de guerrilla de comunicaci\u00f3 el Dia Mundial de l\u2019Educaci\u00f3 Ambiental. En un m\u00f3n saturat d\u2019informaci\u00f3 i est\u00edmuls, la creativitat pot ser una [&hellip;]<\/p>\n","protected":false},"author":6,"featured_media":26878,"comment_status":"closed","ping_status":"closed","sticky":false,"template":"","format":"standard","meta":{"_acf_changed":false,"footnotes":""},"categories":[212],"tags":[],"ods":[216,220],"class_list":["post-27345","post","type-post","status-publish","format-standard","has-post-thumbnail","hentry","category-212","ods-13-accio-pel-clima","ods-17-aliances-per-assolir-els-objectius"],"acf":[],"_links":{"self":[{"href":"https:\/\/www.factoria-4-7.org\/ca\/wp-json\/wp\/v2\/posts\/27345","targetHints":{"allow":["GET"]}}],"collection":[{"href":"https:\/\/www.factoria-4-7.org\/ca\/wp-json\/wp\/v2\/posts"}],"about":[{"href":"https:\/\/www.factoria-4-7.org\/ca\/wp-json\/wp\/v2\/types\/post"}],"author":[{"embeddable":true,"href":"https:\/\/www.factoria-4-7.org\/ca\/wp-json\/wp\/v2\/users\/6"}],"replies":[{"embeddable":true,"href":"https:\/\/www.factoria-4-7.org\/ca\/wp-json\/wp\/v2\/comments?post=27345"}],"version-history":[{"count":1,"href":"https:\/\/www.factoria-4-7.org\/ca\/wp-json\/wp\/v2\/posts\/27345\/revisions"}],"predecessor-version":[{"id":27346,"href":"https:\/\/www.factoria-4-7.org\/ca\/wp-json\/wp\/v2\/posts\/27345\/revisions\/27346"}],"wp:featuredmedia":[{"embeddable":true,"href":"https:\/\/www.factoria-4-7.org\/ca\/wp-json\/wp\/v2\/media\/26878"}],"wp:attachment":[{"href":"https:\/\/www.factoria-4-7.org\/ca\/wp-json\/wp\/v2\/media?parent=27345"}],"wp:term":[{"taxonomy":"category","embeddable":true,"href":"https:\/\/www.factoria-4-7.org\/ca\/wp-json\/wp\/v2\/categories?post=27345"},{"taxonomy":"post_tag","embeddable":true,"href":"https:\/\/www.factoria-4-7.org\/ca\/wp-json\/wp\/v2\/tags?post=27345"},{"taxonomy":"ods","embeddable":true,"href":"https:\/\/www.factoria-4-7.org\/ca\/wp-json\/wp\/v2\/ods?post=27345"}],"curies":[{"name":"wp","href":"https:\/\/api.w.org\/{rel}","templated":true}]}}