{"id":27349,"date":"2025-10-03T12:35:37","date_gmt":"2025-10-03T10:35:37","guid":{"rendered":"https:\/\/www.factoria-4-7.org\/sembrant-el-futur-digital-a-lukula\/"},"modified":"2025-12-18T14:39:21","modified_gmt":"2025-12-18T13:39:21","slug":"sembrant-el-futur-digital-a-lukula","status":"publish","type":"post","link":"https:\/\/www.factoria-4-7.org\/ca\/sembrant-el-futur-digital-a-lukula\/","title":{"rendered":"Sembrant el futur digital a Lukula"},"content":{"rendered":"\n<p class=\"has-medium-font-size\"><\/p>\n\n<figure class=\"wp-block-gallery has-nested-images columns-default is-cropped wp-block-gallery-1 is-layout-flex wp-block-gallery-is-layout-flex\">\n<figure class=\"wp-block-image size-large\"><img loading=\"lazy\" decoding=\"async\" width=\"1024\" height=\"768\" data-id=\"25425\" src=\"https:\/\/www.factoria-4-7.org\/wp-content\/uploads\/2025\/10\/13-1024x768.jpg\" alt=\"\" class=\"wp-image-25425\" srcset=\"https:\/\/www.factoria-4-7.org\/wp-content\/uploads\/2025\/10\/13-1024x768.jpg 1024w, https:\/\/www.factoria-4-7.org\/wp-content\/uploads\/2025\/10\/13-300x225.jpg 300w, https:\/\/www.factoria-4-7.org\/wp-content\/uploads\/2025\/10\/13-768x576.jpg 768w, https:\/\/www.factoria-4-7.org\/wp-content\/uploads\/2025\/10\/13.jpg 1280w\" sizes=\"auto, (max-width: 1024px) 100vw, 1024px\" \/><\/figure>\n\n\n\n<figure class=\"wp-block-image size-large\"><img loading=\"lazy\" decoding=\"async\" width=\"1024\" height=\"768\" data-id=\"25422\" src=\"https:\/\/www.factoria-4-7.org\/wp-content\/uploads\/2025\/10\/9-1024x768.jpg\" alt=\"\" class=\"wp-image-25422\" srcset=\"https:\/\/www.factoria-4-7.org\/wp-content\/uploads\/2025\/10\/9-1024x768.jpg 1024w, https:\/\/www.factoria-4-7.org\/wp-content\/uploads\/2025\/10\/9-300x225.jpg 300w, https:\/\/www.factoria-4-7.org\/wp-content\/uploads\/2025\/10\/9-768x576.jpg 768w, https:\/\/www.factoria-4-7.org\/wp-content\/uploads\/2025\/10\/9.jpg 1280w\" sizes=\"auto, (max-width: 1024px) 100vw, 1024px\" \/><\/figure>\n\n\n\n<figure class=\"wp-block-image size-large\"><img loading=\"lazy\" decoding=\"async\" width=\"1024\" height=\"768\" data-id=\"25424\" src=\"https:\/\/www.factoria-4-7.org\/wp-content\/uploads\/2025\/10\/7-1024x768.jpg\" alt=\"\" class=\"wp-image-25424\" srcset=\"https:\/\/www.factoria-4-7.org\/wp-content\/uploads\/2025\/10\/7-1024x768.jpg 1024w, https:\/\/www.factoria-4-7.org\/wp-content\/uploads\/2025\/10\/7-300x225.jpg 300w, https:\/\/www.factoria-4-7.org\/wp-content\/uploads\/2025\/10\/7-768x576.jpg 768w, https:\/\/www.factoria-4-7.org\/wp-content\/uploads\/2025\/10\/7.jpg 1280w\" sizes=\"auto, (max-width: 1024px) 100vw, 1024px\" \/><\/figure>\n\n\n\n<figure class=\"wp-block-image size-large\"><img loading=\"lazy\" decoding=\"async\" width=\"1024\" height=\"768\" data-id=\"25428\" src=\"https:\/\/www.factoria-4-7.org\/wp-content\/uploads\/2025\/10\/2-1024x768.jpg\" alt=\"\" class=\"wp-image-25428\" srcset=\"https:\/\/www.factoria-4-7.org\/wp-content\/uploads\/2025\/10\/2-1024x768.jpg 1024w, https:\/\/www.factoria-4-7.org\/wp-content\/uploads\/2025\/10\/2-300x225.jpg 300w, https:\/\/www.factoria-4-7.org\/wp-content\/uploads\/2025\/10\/2-768x576.jpg 768w, https:\/\/www.factoria-4-7.org\/wp-content\/uploads\/2025\/10\/2.jpg 1280w\" sizes=\"auto, (max-width: 1024px) 100vw, 1024px\" \/><\/figure>\n<\/figure>\n\n<p>Des del projecte <strong><a href=\"https:\/\/aulassinfronteras.org\/\">Aules Sense Fronteres<\/a><\/strong> hem comen\u00e7at la nostra estada a la <strong>Rep\u00fablica Democr\u00e0tica del Congo<\/strong> a la prov\u00edncia del <strong>Congo Central<\/strong>, a la ciutat de <strong>Lukula<\/strong>. Durant <strong>10 dies<\/strong> acompanyarem el professorat local amb l\u2019objectiu d\u2019enfortir-ne les compet\u00e8ncies digitals i obrir noves oportunitats per a l\u2019alumnat. Volem destacar especialment el suport de l\u2019<strong><a href=\"http:\/\/www.cardi-asbl.org\/\">associaci\u00f3 Cardi<\/a><\/strong>, la col\u00b7laboraci\u00f3 de la qual ha fet possible que avui puguem desenvolupar aquesta formaci\u00f3 a Lukula. El seu comprom\u00eds amb l\u2019educaci\u00f3 i la comunitat local \u00e9s un exemple de treball transformador al territori.   <\/p>\n\n<p>La primera sessi\u00f3 s\u2019ha fet a la <strong>sala Cardi de Lukula<\/strong>, en qu\u00e8 hem treballat dos aspectes fonamentals:<\/p>\n\n<ul class=\"wp-block-list\">\n<li><strong>Con\u00e8ixer el sistema operatiu <\/strong><strong><a href=\"https:\/\/aulassinfronteras.org\/txikilinux-asf-2024\/\">TxikiLinux-ASF<\/a><\/strong>: n\u2019hem explorat els ajustaments i la configuraci\u00f3, des del m\u00e9s b\u00e0sic fins a detalls com el canvi d\u2019idioma, per tal que cada docent el pugui personalitzar segons les necessitats.<\/li>\n\n\n\n<li><strong>Educaci\u00f3 infantil \u2013 Pousses Num\u00e9riques (<a href=\"https:\/\/www.elkartenet.eus\/kimudigitalak\/aurkezpena\/\">KimuDigitalak<\/a>)<\/strong>: hem presentat la proposta educativa amb equips recondicionats <strong><a href=\"https:\/\/www.elkartenet.eus\/wp-content\/uploads\/2022\/07\/Toshiba-Satellite-L735-13G-Ezaugarriak-birgaitzeko-aukerak.pdf\">Toshiba Satellite<\/a> <\/strong>i hem compartit una <strong>programaci\u00f3 did\u00e0ctica base<\/strong>, dissenyada com a model perqu\u00e8 cada professora i professor l\u2019adapti a l\u2019alumnat.<\/li>\n<\/ul>\n\n<p>M\u00e9s enll\u00e0 de l\u2019aspecte t\u00e8cnic, aquestes formacions s\u00f3n una oportunitat de <strong>trobada i aprenentatge mutu<\/strong>. La motivaci\u00f3 del professorat en descobrir noves maneres d\u2019ensenyar amb eines digitals \u00e9s palpable, i confirma que aquesta feina conjunta val la pena. <\/p>\n\n<p>El nostre desig \u00e9s clar: que aquesta formaci\u00f3 sigui <strong>\u00fatil, pr\u00e0ctica i transformadora<\/strong>, que inspiri els i les docents de Lukula i que sembri noves possibilitats per als estudiants.<\/p>\n\n<p>Continuem treballant. Continuem somiant. <br\/><strong>Sense fronteres.<\/strong><\/p>\n","protected":false},"excerpt":{"rendered":"<p>Des del projecte Aules Sense Fronteres hem comen\u00e7at la nostra estada a la Rep\u00fablica Democr\u00e0tica del Congo a la prov\u00edncia del Congo Central, a la ciutat de Lukula. Durant 10 [&hellip;]<\/p>\n","protected":false},"author":66,"featured_media":26877,"comment_status":"closed","ping_status":"closed","sticky":false,"template":"","format":"standard","meta":{"_acf_changed":false,"footnotes":""},"categories":[212],"tags":[],"ods":[230,218],"class_list":["post-27349","post","type-post","status-publish","format-standard","has-post-thumbnail","hentry","category-212","ods-12-produccio-i-consum-sostenibles","ods-4-educacio-de-qualitat"],"acf":[],"_links":{"self":[{"href":"https:\/\/www.factoria-4-7.org\/ca\/wp-json\/wp\/v2\/posts\/27349","targetHints":{"allow":["GET"]}}],"collection":[{"href":"https:\/\/www.factoria-4-7.org\/ca\/wp-json\/wp\/v2\/posts"}],"about":[{"href":"https:\/\/www.factoria-4-7.org\/ca\/wp-json\/wp\/v2\/types\/post"}],"author":[{"embeddable":true,"href":"https:\/\/www.factoria-4-7.org\/ca\/wp-json\/wp\/v2\/users\/66"}],"replies":[{"embeddable":true,"href":"https:\/\/www.factoria-4-7.org\/ca\/wp-json\/wp\/v2\/comments?post=27349"}],"version-history":[{"count":5,"href":"https:\/\/www.factoria-4-7.org\/ca\/wp-json\/wp\/v2\/posts\/27349\/revisions"}],"predecessor-version":[{"id":27367,"href":"https:\/\/www.factoria-4-7.org\/ca\/wp-json\/wp\/v2\/posts\/27349\/revisions\/27367"}],"wp:featuredmedia":[{"embeddable":true,"href":"https:\/\/www.factoria-4-7.org\/ca\/wp-json\/wp\/v2\/media\/26877"}],"wp:attachment":[{"href":"https:\/\/www.factoria-4-7.org\/ca\/wp-json\/wp\/v2\/media?parent=27349"}],"wp:term":[{"taxonomy":"category","embeddable":true,"href":"https:\/\/www.factoria-4-7.org\/ca\/wp-json\/wp\/v2\/categories?post=27349"},{"taxonomy":"post_tag","embeddable":true,"href":"https:\/\/www.factoria-4-7.org\/ca\/wp-json\/wp\/v2\/tags?post=27349"},{"taxonomy":"ods","embeddable":true,"href":"https:\/\/www.factoria-4-7.org\/ca\/wp-json\/wp\/v2\/ods?post=27349"}],"curies":[{"name":"wp","href":"https:\/\/api.w.org\/{rel}","templated":true}]}}