{"id":27368,"date":"2025-12-02T12:45:23","date_gmt":"2025-12-02T11:45:23","guid":{"rendered":"https:\/\/www.factoria-4-7.org\/tecnologia-util-impacte-real-a-mbam\/"},"modified":"2025-12-18T14:50:30","modified_gmt":"2025-12-18T13:50:30","slug":"tecnologia-util-impacte-real-a-mbam","status":"publish","type":"post","link":"https:\/\/www.factoria-4-7.org\/ca\/tecnologia-util-impacte-real-a-mbam\/","title":{"rendered":"Tecnologia \u00fatil, impacte real a Mbam"},"content":{"rendered":"\n<p>La jornada de formaci\u00f3 a Mbam mostra la for\u00e7a de la col\u00b7laboraci\u00f3 local i internacional. Al mat\u00ed vam treballar amb el professorat del <a href=\"https:\/\/www.facebook.com\/groups\/595025776716404\/\"><strong>L<\/strong><strong>yc\u00e9e<\/strong><strong> de Mbam<\/strong><\/a> i de <strong>quatre escoles de la zona<\/strong>, i la sessi\u00f3 es va centrar en la formaci\u00f3 t\u00e8cnica: la instal\u00b7laci\u00f3 i la configuraci\u00f3 de les <strong>impressores donades per <a href=\"https:\/\/www.osakidetza.euskadi.eus\/portada\/\">Osakidetza<\/a><\/strong> \u2014enviades juntament amb la resta del material el mes de juny dins el projecte <strong>Aules Sense Fronteres<\/strong>\u2014, el manteniment b\u00e0sic dels cap\u00e7als, el canvi dels cartutxos i el maneig de les caixes de neteja.<br\/>Tamb\u00e9 vam generar unitats d\u2019instal\u00b7laci\u00f3 amb <strong>Ventoy<\/strong> i vam fer pr\u00e0ctiques directament sobre diversos equips, per enfortir l\u2019autonomia t\u00e8cnica del professorat. <\/p>\n\n<p>A la tarda ens vam reunir amb docents d\u2019educaci\u00f3 infantil per aprofundir en les eines instal\u00b7lades a <strong><a href=\"https:\/\/aulassinfronteras.org\/txikilinux-asf-2024\/\">TxikiLinux-ASF<\/a><\/strong><strong> (<a href=\"https:\/\/www.elkartenet.eus\/kimudigitalak\/aurkezpena\/\">KimuDigitalak<\/a> \/ PoussesNum\u00e9riques)<\/strong>, pensades per iniciar l\u2019alumnat en l\u2019\u00fas del ratol\u00ed i el teclat a trav\u00e9s del joc. La participaci\u00f3 va ser molt activa i l\u2019inter\u00e8s per integrar eines digitals lliures a l\u2019aula continua creixent dia a dia. A m\u00e9s, durant la jornada es va instal\u00b7lar el cable Ethernet per a la futura aula inform\u00e0tica del liceu, un pas m\u00e9s perqu\u00e8 el centre pugui aprofitar plenament els punts wifi cedits per la <strong><a href=\"https:\/\/www.mondragon.edu\/es\/inicio\">Universitat de Mondrag\u00f3n<\/a><\/strong> i recondicionats amb la col\u00b7laboraci\u00f3 de <strong><a href=\"https:\/\/bikonet.net\/eu\/bikonet-pertsonen-operadorea\/\">BIKONET<\/a><\/strong>, <strong><a href=\"https:\/\/tolosaldea.hezkuntza.net\/eu\/\">Tolosaldea<\/a><\/strong> i <strong><a href=\"https:\/\/arizmendi.eus\/\">Arizmendi<\/a><\/strong>.  <\/p>\n\n<p>Continuem creant ponts. Continuem aprenent junts. <br\/><strong>Sense fronteres.<\/strong><\/p>\n\n<div class=\"wp-block-group\"><div class=\"wp-block-group__inner-container is-layout-constrained wp-block-group-is-layout-constrained\">\n<div class=\"wp-block-columns is-layout-flex wp-container-core-columns-is-layout-9d6595d7 wp-block-columns-is-layout-flex\">\n<div class=\"wp-block-column is-layout-flow wp-block-column-is-layout-flow\" style=\"flex-basis:100%\">\n<figure class=\"wp-block-gallery has-nested-images columns-default is-cropped wp-block-gallery-1 is-layout-flex wp-block-gallery-is-layout-flex\">\n<figure class=\"wp-block-image size-large\"><img loading=\"lazy\" decoding=\"async\" width=\"1024\" height=\"576\" data-id=\"26731\" src=\"https:\/\/www.factoria-4-7.org\/wp-content\/uploads\/2025\/12\/WhatsApp-Image-2025-11-25-at-10.47.59-1-1024x576.jpeg\" alt=\"\" class=\"wp-image-26731\" srcset=\"https:\/\/www.factoria-4-7.org\/wp-content\/uploads\/2025\/12\/WhatsApp-Image-2025-11-25-at-10.47.59-1-1024x576.jpeg 1024w, https:\/\/www.factoria-4-7.org\/wp-content\/uploads\/2025\/12\/WhatsApp-Image-2025-11-25-at-10.47.59-1-300x169.jpeg 300w, https:\/\/www.factoria-4-7.org\/wp-content\/uploads\/2025\/12\/WhatsApp-Image-2025-11-25-at-10.47.59-1-768x432.jpeg 768w, https:\/\/www.factoria-4-7.org\/wp-content\/uploads\/2025\/12\/WhatsApp-Image-2025-11-25-at-10.47.59-1-1536x864.jpeg 1536w, https:\/\/www.factoria-4-7.org\/wp-content\/uploads\/2025\/12\/WhatsApp-Image-2025-11-25-at-10.47.59-1.jpeg 2000w\" sizes=\"auto, (max-width: 1024px) 100vw, 1024px\" \/><\/figure>\n\n\n\n<figure class=\"wp-block-image size-large\"><img loading=\"lazy\" decoding=\"async\" width=\"1024\" height=\"576\" data-id=\"26735\" src=\"https:\/\/www.factoria-4-7.org\/wp-content\/uploads\/2025\/12\/WhatsApp-Image-2025-11-25-at-10.48.00-2-1024x576.jpeg\" alt=\"\" class=\"wp-image-26735\" srcset=\"https:\/\/www.factoria-4-7.org\/wp-content\/uploads\/2025\/12\/WhatsApp-Image-2025-11-25-at-10.48.00-2-1024x576.jpeg 1024w, https:\/\/www.factoria-4-7.org\/wp-content\/uploads\/2025\/12\/WhatsApp-Image-2025-11-25-at-10.48.00-2-300x169.jpeg 300w, https:\/\/www.factoria-4-7.org\/wp-content\/uploads\/2025\/12\/WhatsApp-Image-2025-11-25-at-10.48.00-2-768x432.jpeg 768w, https:\/\/www.factoria-4-7.org\/wp-content\/uploads\/2025\/12\/WhatsApp-Image-2025-11-25-at-10.48.00-2-1536x864.jpeg 1536w, https:\/\/www.factoria-4-7.org\/wp-content\/uploads\/2025\/12\/WhatsApp-Image-2025-11-25-at-10.48.00-2.jpeg 2000w\" sizes=\"auto, (max-width: 1024px) 100vw, 1024px\" \/><\/figure>\n\n\n\n<figure class=\"wp-block-image size-large\"><img loading=\"lazy\" decoding=\"async\" width=\"1024\" height=\"576\" data-id=\"26739\" src=\"https:\/\/www.factoria-4-7.org\/wp-content\/uploads\/2025\/12\/WhatsApp-Image-2025-11-25-at-13.09.58-1-1024x576.jpeg\" alt=\"\" class=\"wp-image-26739\" srcset=\"https:\/\/www.factoria-4-7.org\/wp-content\/uploads\/2025\/12\/WhatsApp-Image-2025-11-25-at-13.09.58-1-1024x576.jpeg 1024w, https:\/\/www.factoria-4-7.org\/wp-content\/uploads\/2025\/12\/WhatsApp-Image-2025-11-25-at-13.09.58-1-300x169.jpeg 300w, https:\/\/www.factoria-4-7.org\/wp-content\/uploads\/2025\/12\/WhatsApp-Image-2025-11-25-at-13.09.58-1-768x432.jpeg 768w, https:\/\/www.factoria-4-7.org\/wp-content\/uploads\/2025\/12\/WhatsApp-Image-2025-11-25-at-13.09.58-1-1536x864.jpeg 1536w, https:\/\/www.factoria-4-7.org\/wp-content\/uploads\/2025\/12\/WhatsApp-Image-2025-11-25-at-13.09.58-1.jpeg 1600w\" sizes=\"auto, (max-width: 1024px) 100vw, 1024px\" \/><\/figure>\n\n\n\n<figure class=\"wp-block-image size-large\"><img loading=\"lazy\" decoding=\"async\" width=\"1024\" height=\"576\" data-id=\"26736\" src=\"https:\/\/www.factoria-4-7.org\/wp-content\/uploads\/2025\/12\/WhatsApp-Image-2025-11-25-at-12.57.42-1024x576.jpeg\" alt=\"\" class=\"wp-image-26736\" srcset=\"https:\/\/www.factoria-4-7.org\/wp-content\/uploads\/2025\/12\/WhatsApp-Image-2025-11-25-at-12.57.42-1024x576.jpeg 1024w, https:\/\/www.factoria-4-7.org\/wp-content\/uploads\/2025\/12\/WhatsApp-Image-2025-11-25-at-12.57.42-300x169.jpeg 300w, https:\/\/www.factoria-4-7.org\/wp-content\/uploads\/2025\/12\/WhatsApp-Image-2025-11-25-at-12.57.42-768x432.jpeg 768w, https:\/\/www.factoria-4-7.org\/wp-content\/uploads\/2025\/12\/WhatsApp-Image-2025-11-25-at-12.57.42-1536x864.jpeg 1536w, https:\/\/www.factoria-4-7.org\/wp-content\/uploads\/2025\/12\/WhatsApp-Image-2025-11-25-at-12.57.42.jpeg 2000w\" sizes=\"auto, (max-width: 1024px) 100vw, 1024px\" \/><\/figure>\n<\/figure>\n<\/div>\n<\/div>\n\n\n\n<p><\/p>\n<\/div><\/div>\n\n<p><\/p>\n","protected":false},"excerpt":{"rendered":"<p>La jornada de formaci\u00f3 a Mbam mostra la for\u00e7a de la col\u00b7laboraci\u00f3 local i internacional. Al mat\u00ed vam treballar amb el professorat del Lyc\u00e9e de Mbam i de quatre escoles [&hellip;]<\/p>\n","protected":false},"author":66,"featured_media":27375,"comment_status":"closed","ping_status":"closed","sticky":false,"template":"","format":"standard","meta":{"_acf_changed":false,"footnotes":""},"categories":[212],"tags":[],"ods":[230,218],"class_list":["post-27368","post","type-post","status-publish","format-standard","has-post-thumbnail","hentry","category-212","ods-12-produccio-i-consum-sostenibles","ods-4-educacio-de-qualitat"],"acf":[],"_links":{"self":[{"href":"https:\/\/www.factoria-4-7.org\/ca\/wp-json\/wp\/v2\/posts\/27368","targetHints":{"allow":["GET"]}}],"collection":[{"href":"https:\/\/www.factoria-4-7.org\/ca\/wp-json\/wp\/v2\/posts"}],"about":[{"href":"https:\/\/www.factoria-4-7.org\/ca\/wp-json\/wp\/v2\/types\/post"}],"author":[{"embeddable":true,"href":"https:\/\/www.factoria-4-7.org\/ca\/wp-json\/wp\/v2\/users\/66"}],"replies":[{"embeddable":true,"href":"https:\/\/www.factoria-4-7.org\/ca\/wp-json\/wp\/v2\/comments?post=27368"}],"version-history":[{"count":1,"href":"https:\/\/www.factoria-4-7.org\/ca\/wp-json\/wp\/v2\/posts\/27368\/revisions"}],"predecessor-version":[{"id":27378,"href":"https:\/\/www.factoria-4-7.org\/ca\/wp-json\/wp\/v2\/posts\/27368\/revisions\/27378"}],"wp:featuredmedia":[{"embeddable":true,"href":"https:\/\/www.factoria-4-7.org\/ca\/wp-json\/wp\/v2\/media\/27375"}],"wp:attachment":[{"href":"https:\/\/www.factoria-4-7.org\/ca\/wp-json\/wp\/v2\/media?parent=27368"}],"wp:term":[{"taxonomy":"category","embeddable":true,"href":"https:\/\/www.factoria-4-7.org\/ca\/wp-json\/wp\/v2\/categories?post=27368"},{"taxonomy":"post_tag","embeddable":true,"href":"https:\/\/www.factoria-4-7.org\/ca\/wp-json\/wp\/v2\/tags?post=27368"},{"taxonomy":"ods","embeddable":true,"href":"https:\/\/www.factoria-4-7.org\/ca\/wp-json\/wp\/v2\/ods?post=27368"}],"curies":[{"name":"wp","href":"https:\/\/api.w.org\/{rel}","templated":true}]}}