{"id":27379,"date":"2025-12-03T11:22:27","date_gmt":"2025-12-03T10:22:27","guid":{"rendered":"https:\/\/www.factoria-4-7.org\/llavors-digitals-i-programari-lliure-a-mauritania\/"},"modified":"2025-12-18T15:00:15","modified_gmt":"2025-12-18T14:00:15","slug":"llavors-digitals-i-programari-lliure-a-mauritania","status":"publish","type":"post","link":"https:\/\/www.factoria-4-7.org\/ca\/llavors-digitals-i-programari-lliure-a-mauritania\/","title":{"rendered":"Llavors digitals i programari lliure a Maurit\u00e0nia"},"content":{"rendered":"\n<p>La jornada del 2 de desembre va estar dedicada a la presentaci\u00f3 de <a href=\"https:\/\/aulassinfronteras.org\/txikilinux-asf-2024\/\"><strong>TxikiLinux<\/strong><\/a> i les aplicacions instal\u00b7lades en aquest sistema operatiu: eines ofim\u00e0tiques (<a href=\"https:\/\/fr.libreoffice.org\/\"><strong>LibreOffice<\/strong><\/a>) i aplicacions orientades a l\u2019educacio prim\u00e0ria per desenvolupar, mitjan\u00e7ant el joc, habilitats en l\u2019\u00fas del teclat i el ratol\u00ed <strong>(<a href=\"https:\/\/aulassinfronteras.org\/wp-content\/uploads\/2025\/12\/TxikiLinux-ASF-KimuDigitalak-Formakuntza-FR.pdf\">KimuDigitalak \u2013 PoussesNum\u00e9riques \u2013 DigitalSprouts<\/a><\/strong>).<\/p>\n\n<p>La formaci\u00f3 la va impartir el professor <strong>Ahmednah<\/strong> a la sala de reunions de l\u2019ajuntament d\u2019<a href=\"https:\/\/ar.wikipedia.org\/wiki\/%D8%A7%D9%84%D9%85%D9%8A%D9%86%D8%A7%D8%A1_(%D9%86%D9%88%D8%A7%D9%83%D8%B4%D9%88%D8%B7)\"><strong>El <\/strong><strong>M<\/strong><strong>ina<\/strong><\/a>, municipi urb\u00e0 de l\u2019oest de <a href=\"https:\/\/es.wikipedia.org\/wiki\/Mauritania\"><strong>Maurit\u00e0nia<\/strong><\/a><strong>.<\/strong> Va assistir a la jornada el professorat de les escoles participants en el programa ASF-2025-Maurit\u00e0nia, a m\u00e9s de t\u00e8cnics inform\u00e0tics de la localitat.<\/p>\n\n<p>Agra\u00efm a l\u2019Ajuntament d\u2019<strong>El <\/strong><strong>M<\/strong><strong>ina<\/strong> i al professor <strong>Ahmednah<\/strong>, de la <a href=\"https:\/\/web.facebook.com\/story.php?story_fbid=779397108348692&amp;id=100088352305589&amp;rdid=pw8JVCCKIS2SjtAJ\"><strong>Solidarit\u00e9 pour D\u00e9veloppement Social-SDS<\/strong><\/a>, la col\u00b7laboraci\u00f3 i la implicaci\u00f3 en el projecte, sense les quals aquests tallers de formaci\u00f3 no haurien estat possibles.<\/p>\n\n<p>Continuem i continuarem treballant i somiant&#8230;<br\/><strong>Sense fronteres<\/strong><\/p>\n\n<figure class=\"wp-block-gallery has-nested-images columns-default is-cropped wp-block-gallery-1 is-layout-flex wp-block-gallery-is-layout-flex\">\n<figure class=\"wp-block-image size-large\"><img loading=\"lazy\" decoding=\"async\" width=\"1000\" height=\"563\" data-id=\"26776\" src=\"https:\/\/www.factoria-4-7.org\/wp-content\/uploads\/2025\/12\/5873193277513730892.jpg\" alt=\"\" class=\"wp-image-26776\" srcset=\"https:\/\/www.factoria-4-7.org\/wp-content\/uploads\/2025\/12\/5873193277513730892.jpg 1000w, https:\/\/www.factoria-4-7.org\/wp-content\/uploads\/2025\/12\/5873193277513730892-300x169.jpg 300w, https:\/\/www.factoria-4-7.org\/wp-content\/uploads\/2025\/12\/5873193277513730892-768x432.jpg 768w\" sizes=\"auto, (max-width: 1000px) 100vw, 1000px\" \/><\/figure>\n\n\n\n<figure class=\"wp-block-image size-large\"><img loading=\"lazy\" decoding=\"async\" width=\"1000\" height=\"563\" data-id=\"26779\" src=\"https:\/\/www.factoria-4-7.org\/wp-content\/uploads\/2025\/12\/5873193277513730896.jpg\" alt=\"\" class=\"wp-image-26779\" srcset=\"https:\/\/www.factoria-4-7.org\/wp-content\/uploads\/2025\/12\/5873193277513730896.jpg 1000w, https:\/\/www.factoria-4-7.org\/wp-content\/uploads\/2025\/12\/5873193277513730896-300x169.jpg 300w, https:\/\/www.factoria-4-7.org\/wp-content\/uploads\/2025\/12\/5873193277513730896-768x432.jpg 768w\" sizes=\"auto, (max-width: 1000px) 100vw, 1000px\" \/><\/figure>\n\n\n\n<figure class=\"wp-block-image size-large\"><img loading=\"lazy\" decoding=\"async\" width=\"1024\" height=\"576\" data-id=\"26778\" src=\"https:\/\/www.factoria-4-7.org\/wp-content\/uploads\/2025\/12\/5873193277513730895-1024x576.jpg\" alt=\"\" class=\"wp-image-26778\" srcset=\"https:\/\/www.factoria-4-7.org\/wp-content\/uploads\/2025\/12\/5873193277513730895-1024x576.jpg 1024w, https:\/\/www.factoria-4-7.org\/wp-content\/uploads\/2025\/12\/5873193277513730895-300x169.jpg 300w, https:\/\/www.factoria-4-7.org\/wp-content\/uploads\/2025\/12\/5873193277513730895-768x432.jpg 768w, https:\/\/www.factoria-4-7.org\/wp-content\/uploads\/2025\/12\/5873193277513730895.jpg 1280w\" sizes=\"auto, (max-width: 1024px) 100vw, 1024px\" \/><\/figure>\n\n\n\n<figure class=\"wp-block-image size-large\"><img loading=\"lazy\" decoding=\"async\" width=\"1024\" height=\"619\" data-id=\"26780\" src=\"https:\/\/www.factoria-4-7.org\/wp-content\/uploads\/2025\/12\/5873193277513730897-1024x619.jpg\" alt=\"\" class=\"wp-image-26780\" srcset=\"https:\/\/www.factoria-4-7.org\/wp-content\/uploads\/2025\/12\/5873193277513730897-1024x619.jpg 1024w, https:\/\/www.factoria-4-7.org\/wp-content\/uploads\/2025\/12\/5873193277513730897-300x181.jpg 300w, https:\/\/www.factoria-4-7.org\/wp-content\/uploads\/2025\/12\/5873193277513730897-768x464.jpg 768w, https:\/\/www.factoria-4-7.org\/wp-content\/uploads\/2025\/12\/5873193277513730897.jpg 1080w\" sizes=\"auto, (max-width: 1024px) 100vw, 1024px\" \/><\/figure>\n<\/figure>\n\n<p><\/p>\n","protected":false},"excerpt":{"rendered":"<p>La jornada del 2 de desembre va estar dedicada a la presentaci\u00f3 de TxikiLinux i les aplicacions instal\u00b7lades en aquest sistema operatiu: eines ofim\u00e0tiques (LibreOffice) i aplicacions orientades a l\u2019educacio [&hellip;]<\/p>\n","protected":false},"author":66,"featured_media":26853,"comment_status":"closed","ping_status":"closed","sticky":false,"template":"","format":"standard","meta":{"_acf_changed":false,"footnotes":""},"categories":[212],"tags":[237,238,239],"ods":[230,218],"class_list":["post-27379","post","type-post","status-publish","format-standard","has-post-thumbnail","hentry","category-212","tag-libreoffice","tag-mauritania","tag-txikilinux","ods-12-produccio-i-consum-sostenibles","ods-4-educacio-de-qualitat"],"acf":[],"_links":{"self":[{"href":"https:\/\/www.factoria-4-7.org\/ca\/wp-json\/wp\/v2\/posts\/27379","targetHints":{"allow":["GET"]}}],"collection":[{"href":"https:\/\/www.factoria-4-7.org\/ca\/wp-json\/wp\/v2\/posts"}],"about":[{"href":"https:\/\/www.factoria-4-7.org\/ca\/wp-json\/wp\/v2\/types\/post"}],"author":[{"embeddable":true,"href":"https:\/\/www.factoria-4-7.org\/ca\/wp-json\/wp\/v2\/users\/66"}],"replies":[{"embeddable":true,"href":"https:\/\/www.factoria-4-7.org\/ca\/wp-json\/wp\/v2\/comments?post=27379"}],"version-history":[{"count":1,"href":"https:\/\/www.factoria-4-7.org\/ca\/wp-json\/wp\/v2\/posts\/27379\/revisions"}],"predecessor-version":[{"id":27391,"href":"https:\/\/www.factoria-4-7.org\/ca\/wp-json\/wp\/v2\/posts\/27379\/revisions\/27391"}],"wp:featuredmedia":[{"embeddable":true,"href":"https:\/\/www.factoria-4-7.org\/ca\/wp-json\/wp\/v2\/media\/26853"}],"wp:attachment":[{"href":"https:\/\/www.factoria-4-7.org\/ca\/wp-json\/wp\/v2\/media?parent=27379"}],"wp:term":[{"taxonomy":"category","embeddable":true,"href":"https:\/\/www.factoria-4-7.org\/ca\/wp-json\/wp\/v2\/categories?post=27379"},{"taxonomy":"post_tag","embeddable":true,"href":"https:\/\/www.factoria-4-7.org\/ca\/wp-json\/wp\/v2\/tags?post=27379"},{"taxonomy":"ods","embeddable":true,"href":"https:\/\/www.factoria-4-7.org\/ca\/wp-json\/wp\/v2\/ods?post=27379"}],"curies":[{"name":"wp","href":"https:\/\/api.w.org\/{rel}","templated":true}]}}