{"id":27806,"global_id":"www.factoria-4-7.org\/eu\/?id=27806","global_id_lineage":["www.factoria-4-7.org\/eu\/?id=27806"],"author":"47","status":"publish","date":"2026-02-19 22:53:20","date_utc":"2026-02-19 21:53:20","modified":"2026-02-19 22:57:24","modified_utc":"2026-02-19 21:57:24","url":"https:\/\/www.factoria-4-7.org\/eu\/evento\/tecnologia-y-sesgos-cine-forum-26-de-febrero-en-la-perrera\/","rest_url":"https:\/\/www.factoria-4-7.org\/eu\/wp-json\/tribe\/events\/v1\/events\/27806","title":"Tecnolog\u00eda y sesgos: cine f\u00f3rum 26 de febrero en La Perrera","description":"<p>Dentro del programa #DerechosEnRed, que desarrolla la asociaci\u00f3n eCivis con apoyo del Ministerio de Asuntos Exteriores, Cooperaci\u00f3n y Uni\u00f3n Europea, y el Departamento de Empleo, Cohesi\u00f3n Social e Igualdad de la Diputaci\u00f3n Foral de Bizkaia, os invitamos a una nueva sesi\u00f3n, en esta ocasi\u00f3n para charlar sobre tecnolog\u00eda y sesgos de g\u00e9nero.<\/p>\n<p>En un momento clave en el que somos conscientes de que el algoritmo no es neutro, y que los sesgos y estereotipos terminan por excluir y generar distorsiones graves en la convivencia digital (y no digital), os invitamos a participar del debate que tendr\u00e1 lugar en la sala Konekta en La Perrera (Bilbao), el pr\u00f3ximo jueves 26 de febrero a partir de las 9.00 horas, con la intervenci\u00f3n de Aiskoa P\u00e9rez, de Colectiva FemIAs, y bajo la moderaci\u00f3n de Oskar Fern\u00e1ndez, moderador del Cine F\u00f3rum de Getxo durante m\u00e1s de 40 a\u00f1os.<\/p>\n<p>El debate ser\u00e1 grabado en directo en formato podcast, gracias a la colaboraci\u00f3n con Euskadi Digital.<\/p>\n<p>La pel\u00edcula que se proyectar\u00e1 ser\u00e1 <a href=\"https:\/\/es.wikipedia.org\/wiki\/Ex_Machina_(pel%C3%ADcula)\">Ex Machina<\/a> (2014), thriller de ciencia ficci\u00f3n dirigido por <span class=\"hover:entity-accent entity-underline inline cursor-pointer align-baseline\"><span class=\"whitespace-normal\">Alex Garland<\/span><\/span> que nos sit\u00faa en el aislamiento de una casa-laboratorio donde un joven programador es invitado a evaluar la inteligencia y la conciencia de Ava, un sofisticado androide con apariencia femenina. A medida que las conversaciones entre humano y m\u00e1quina se vuelven m\u00e1s profundas, la pel\u00edcula nos confronta con preguntas inc\u00f3modas sobre el poder, el deseo, la manipulaci\u00f3n, los sesgos de g\u00e9nero y los l\u00edmites \u00e9ticos de la tecnolog\u00eda.<\/p>\n<p>No te lo pierdas, te esperamos, la asistencia es gratuita, y recomendamos la inscripci\u00f3n en el siguiente <a href=\"https:\/\/forms.gle\/AMrbovH2i23sdv6K8\">enlace<\/a>.<\/p>\n<p><img loading=\"lazy\" decoding=\"async\" class=\"aligncenter wp-image-27807 size-large\" src=\"https:\/\/www.factoria-4-7.org\/wp-content\/uploads\/2026\/02\/WhatsApp-Image-2026-02-19-at-21.03.09-576x1024.jpeg\" alt=\"\" width=\"576\" height=\"1024\" srcset=\"https:\/\/www.factoria-4-7.org\/wp-content\/uploads\/2026\/02\/WhatsApp-Image-2026-02-19-at-21.03.09-576x1024.jpeg 576w, https:\/\/www.factoria-4-7.org\/wp-content\/uploads\/2026\/02\/WhatsApp-Image-2026-02-19-at-21.03.09-169x300.jpeg 169w, https:\/\/www.factoria-4-7.org\/wp-content\/uploads\/2026\/02\/WhatsApp-Image-2026-02-19-at-21.03.09-768x1365.jpeg 768w, https:\/\/www.factoria-4-7.org\/wp-content\/uploads\/2026\/02\/WhatsApp-Image-2026-02-19-at-21.03.09-864x1536.jpeg 864w, https:\/\/www.factoria-4-7.org\/wp-content\/uploads\/2026\/02\/WhatsApp-Image-2026-02-19-at-21.03.09.jpeg 1080w\" sizes=\"auto, (max-width: 576px) 100vw, 576px\" \/><\/p>","excerpt":"","slug":"tecnologia-y-sesgos-cine-forum-26-de-febrero-en-la-perrera","image":false,"all_day":false,"start_date":"2026-02-26 09:00:00","start_date_details":{"year":"2026","month":"02","day":"26","hour":"09","minutes":"00","seconds":"00"},"end_date":"2026-02-26 13:00:00","end_date_details":{"year":"2026","month":"02","day":"26","hour":"13","minutes":"00","seconds":"00"},"utc_start_date":"2026-02-26 08:00:00","utc_start_date_details":{"year":"2026","month":"02","day":"26","hour":"08","minutes":"00","seconds":"00"},"utc_end_date":"2026-02-26 12:00:00","utc_end_date_details":{"year":"2026","month":"02","day":"26","hour":"12","minutes":"00","seconds":"00"},"timezone":"Europe\/Madrid","timezone_abbr":"CET","cost":"Free","cost_details":{"currency_symbol":"\u20ac","currency_code":"EUR","currency_position":"suffix","values":["0"]},"website":"","show_map":true,"show_map_link":true,"hide_from_listings":false,"sticky":false,"featured":false,"categories":[],"tags":[],"venue":{"id":4643,"author":"6","status":"publish","date":"2023-11-10 18:35:50","date_utc":"2023-11-10 17:35:50","modified":"2023-11-10 18:35:50","modified_utc":"2023-11-10 17:35:50","url":"https:\/\/www.factoria-4-7.org\/venue\/konekta-la-perrera\/","venue":"Konekta &#8211; La Perrera","slug":"konekta-la-perrera","address":"Sabino Arana Etorbidea, 50","city":"Bilbao","country":"Espa\u00f1a","province":"Bizkaia","zip":"48012","phone":"946853520","website":"https:\/\/bilbaogazte.bilbao.eus\/es\/konekta\/","stateprovince":"Bizkaia","json_ld":{"@type":"Place","name":"Konekta &#8211; La Perrera","description":"","url":"","address":{"@type":"PostalAddress","streetAddress":"Sabino Arana Etorbidea, 50","addressLocality":"Bilbao","addressRegion":"Bizkaia","postalCode":"48012","addressCountry":"Espa\u00f1a"},"telephone":"946853520","sameAs":"https:\/\/bilbaogazte.bilbao.eus\/es\/konekta\/"},"show_map":true,"show_map_link":true,"global_id":"www.factoria-4-7.org\/eu\/?id=4643","global_id_lineage":["www.factoria-4-7.org\/eu\/?id=4643"]},"organizer":[{"id":3996,"author":"6","status":"publish","date":"2023-06-15 14:07:53","date_utc":"2023-06-15 12:07:53","modified":"2023-06-15 14:07:53","modified_utc":"2023-06-15 12:07:53","url":"https:\/\/www.factoria-4-7.org\/organizer\/ecivis-asociacion-para-la-promocion-de-la-ciudadania-activa\/","organizer":"eCivis \u2013 Asociaci\u00f3n para la Promoci\u00f3n de la Ciudadan\u00eda Activa","slug":"ecivis-asociacion-para-la-promocion-de-la-ciudadania-activa","phone":"636644671","website":"https:\/\/ecivis.eus\/","email":"info@ecivis.eus","json_ld":{"@type":"Person","name":"eCivis \u2013 Asociaci\u00f3n para la Promoci\u00f3n de la Ciudadan\u00eda Activa","description":"","url":"https:\/\/ecivis.eus\/","telephone":"636644671","email":"&#105;nf&#111;&#64;e&#99;i&#118;i&#115;&#46;&#101;&#117;&#115;","sameAs":"https:\/\/ecivis.eus\/"},"global_id":"www.factoria-4-7.org\/eu\/?id=3996","global_id_lineage":["www.factoria-4-7.org\/eu\/?id=3996"]}],"custom_fields":[],"json_ld":{"@context":"http:\/\/schema.org","@type":"Event","name":"Tecnolog\u00eda y sesgos: cine f\u00f3rum 26 de febrero en La Perrera","description":"&lt;p&gt;Dentro del programa #DerechosEnRed, que desarrolla la asociaci\u00f3n eCivis con apoyo del Ministerio de Asuntos Exteriores, Cooperaci\u00f3n y Uni\u00f3n Europea, y el Departamento de Empleo, Cohesi\u00f3n Social e Igualdad de [&hellip;]&lt;\/p&gt;\\n","url":"https:\/\/www.factoria-4-7.org\/eu\/evento\/tecnologia-y-sesgos-cine-forum-26-de-febrero-en-la-perrera\/","eventAttendanceMode":"https:\/\/schema.org\/OfflineEventAttendanceMode","eventStatus":"https:\/\/schema.org\/EventScheduled","startDate":"2026-02-26T09:00:00+01:00","endDate":"2026-02-26T13:00:00+01:00","location":{"@type":"Place","name":"Konekta &#8211; La Perrera","description":"","url":"","address":{"@type":"PostalAddress","streetAddress":"Sabino Arana Etorbidea, 50","addressLocality":"Bilbao","addressRegion":"Bizkaia","postalCode":"48012","addressCountry":"Espa\u00f1a"},"telephone":"946853520","sameAs":"https:\/\/bilbaogazte.bilbao.eus\/es\/konekta\/"},"organizer":{"@type":"Person","name":"eCivis \u2013 Asociaci\u00f3n para la Promoci\u00f3n de la Ciudadan\u00eda Activa","description":"","url":"https:\/\/ecivis.eus\/","telephone":"636644671","email":"&#105;nfo&#64;&#101;&#99;iv&#105;&#115;&#46;&#101;&#117;s","sameAs":"https:\/\/ecivis.eus\/"},"offers":{"@type":"Offer","price":"0","priceCurrency":"EUR","url":"https:\/\/www.factoria-4-7.org\/eu\/evento\/tecnologia-y-sesgos-cine-forum-26-de-febrero-en-la-perrera\/","category":"primary","availability":"inStock","validFrom":"1970-01-01T00:00:00+00:00"},"performer":"Organization"}}