{"id":4092,"global_id":"www.factoria-4-7.org\/eu\/?id=4092","global_id_lineage":["www.factoria-4-7.org\/eu\/?id=4092"],"author":"6","status":"publish","date":"2023-06-23 14:06:32","date_utc":"2023-06-23 12:06:32","modified":"2023-06-23 14:30:08","modified_utc":"2023-06-23 12:30:08","url":"https:\/\/www.factoria-4-7.org\/eu\/evento\/garapen-iraunkorrerako-hezkuntza-eta-kultura\/","rest_url":"https:\/\/www.factoria-4-7.org\/eu\/wp-json\/tribe\/events\/v1\/events\/4092","title":"Garapen Iraunkorrerako Hezkuntza eta Kultura","description":"<p>Pandemiak eta klimaren, ekonomiaren eta gizartearen krisiek panorama berri bat definitzen dute munduarentzat. Testuinguru horretan, galde daiteke kulturak eta hezkuntzak zer eginkizun duten kontratu sozial berrian eta 2030 Agendaren esparruan? Gaur egun, ia herrialde guztiak ari dira erabakiak hartzen hezkuntza-sistemaren helburuak eta emaitzak birdefinitzeko moduari buruz, etorkizuneko erronkak eta aukerak islatzeko. Bestalde, kulturak gizartea aldatzeko eragile izateko gaitasun hori du, emoziora jotzen du eta horretarako tresna da. Mundua eta gure ohiturak hautemateko eta interpretatzeko modu berriak ahalbidetzen dizkigu. Beraz, kultura- eta hezkuntza-inguruneak (formalak eta ez-formalak) hitz egiteko, entzuteko, pentsatzeko eta jarduteko espazioak dira. Biek sustatu dezakete interkonexioak ezagutzeko gaitasuna, baita munduaren ikuspegi holistikoa ere. Kulturak eta hezkuntzak, elkarrekin, munduan duen lekua eta harekiko elkarrekiko mendekotasuna aitortzen duen komunitate global berri bateranzko aldaketa bizkortzeko ahalmena dute.<\/p>\n<h3 class=\"titulo-tab-h3\">Helburuak<\/h3>\n<p>Ikusgarri egin kultura eta hezkuntza uztartzearen eragina Garapen Iraunkorrerako 2030 Agendaren lorpenean.<\/p>\n<p>Garapen Iraunkorreko Helburuak kultura- eta hezkuntza-praktikan nola txertatu aztertzea, biak lankidetzan lan eginez.<\/p>\n<p>Kultura, hezkuntza eta garapen iraunkorraren arteko elkargunean lan egiten duten kasu inspiratzaileak aurkeztu.<\/p>","excerpt":"<p>Pandemiak eta klimaren, ekonomiaren eta gizartearen krisiek panorama berri bat definitzen dute munduarentzat. Testuinguru horretan, galde daiteke kulturak eta hezkuntzak zer eginkizun duten kontratu sozial berrian eta 2030 Agendaren esparruan?<\/p>","slug":"garapen-iraunkorrerako-hezkuntza-eta-kultura","image":{"url":"https:\/\/www.factoria-4-7.org\/wp-content\/uploads\/2023\/06\/curso2037.jpg","id":4087,"extension":"jpg","width":805,"height":452,"filesize":257341,"sizes":{"medium":{"width":300,"height":168,"mime-type":"image\/jpeg","filesize":15572,"url":"https:\/\/www.factoria-4-7.org\/wp-content\/uploads\/2023\/06\/curso2037-300x168.jpg"},"thumbnail":{"width":150,"height":150,"mime-type":"image\/jpeg","filesize":7828,"url":"https:\/\/www.factoria-4-7.org\/wp-content\/uploads\/2023\/06\/curso2037-150x150.jpg"},"medium_large":{"width":768,"height":431,"mime-type":"image\/jpeg","filesize":67872,"url":"https:\/\/www.factoria-4-7.org\/wp-content\/uploads\/2023\/06\/curso2037-768x431.jpg"}}},"all_day":false,"start_date":"2023-07-04 08:45:00","start_date_details":{"year":"2023","month":"07","day":"04","hour":"08","minutes":"45","seconds":"00"},"end_date":"2023-07-05 14:25:00","end_date_details":{"year":"2023","month":"07","day":"05","hour":"14","minutes":"25","seconds":"00"},"utc_start_date":"2023-07-04 06:45:00","utc_start_date_details":{"year":"2023","month":"07","day":"04","hour":"06","minutes":"45","seconds":"00"},"utc_end_date":"2023-07-05 12:25:00","utc_end_date_details":{"year":"2023","month":"07","day":"05","hour":"12","minutes":"25","seconds":"00"},"timezone":"Europe\/Madrid","timezone_abbr":"CEST","cost":"","cost_details":{"currency_symbol":"","currency_code":"","currency_position":"","values":[]},"website":"https:\/\/www.uik.eus\/es\/curso\/educacion-cultura-desarrollo-sostenible","show_map":true,"show_map_link":true,"hide_from_listings":false,"sticky":false,"featured":false,"categories":[],"tags":[],"venue":{"id":4089,"author":"6","status":"publish","date":"2023-06-23 14:06:33","date_utc":"2023-06-23 12:06:33","modified":"2023-06-23 14:06:33","modified_utc":"2023-06-23 12:06:33","url":"https:\/\/www.factoria-4-7.org\/venue\/bizkaia-aretoa-upv-ehu-y-palacio-miramar\/","venue":"Bizkaia Aretoa UPV\/EHU y Palacio Miramar","slug":"bizkaia-aretoa-upv-ehu-y-palacio-miramar","address":"Avda. Abandoibarra 3","city":"Bilbao, Spain","country":"Espa\u00f1a","province":"Bizkaia","zip":"48009","phone":"+34676172465","stateprovince":"Bizkaia","json_ld":{"@type":"Place","name":"Bizkaia Aretoa UPV\/EHU y Palacio Miramar","description":"","url":"","address":{"@type":"PostalAddress","streetAddress":"Avda. Abandoibarra 3","addressLocality":"Bilbao, Spain","addressRegion":"Bizkaia","postalCode":"48009","addressCountry":"Espa\u00f1a"},"telephone":"+34676172465","sameAs":""},"show_map":true,"show_map_link":true,"global_id":"www.factoria-4-7.org\/eu\/?id=4089","global_id_lineage":["www.factoria-4-7.org\/eu\/?id=4089"]},"organizer":[{"id":3709,"author":"6","status":"publish","date":"2023-05-12 10:46:12","date_utc":"2023-05-12 10:46:12","modified":"2023-05-12 10:46:12","modified_utc":"2023-05-12 10:46:12","url":"https:\/\/www.factoria-4-7.org\/organizer\/un-etxea-asociacion-del-pais-vasco-para-la-unesco\/","organizer":"UN Etxea &#8211; Asociaci\u00f3n del Pa\u00eds Vasco para la UNESCO","slug":"un-etxea-asociacion-del-pais-vasco-para-la-unesco","phone":"944276432","website":"https:\/\/www.unetxea.org\/","email":"info@unetxea.org","json_ld":{"@type":"Person","name":"UN Etxea &#8211; Asociaci\u00f3n del Pa\u00eds Vasco para la UNESCO","description":"","url":"https:\/\/www.unetxea.org\/","telephone":"944276432","email":"i&#110;&#102;&#111;&#64;unet&#120;e&#97;.&#111;&#114;&#103;","sameAs":"https:\/\/www.unetxea.org\/"},"global_id":"www.factoria-4-7.org\/eu\/?id=3709","global_id_lineage":["www.factoria-4-7.org\/eu\/?id=3709"]},{"id":4090,"author":"6","status":"publish","date":"2023-06-23 14:06:33","date_utc":"2023-06-23 12:06:33","modified":"2023-06-23 14:06:33","modified_utc":"2023-06-23 12:06:33","url":"https:\/\/www.factoria-4-7.org\/organizer\/red-espanola-para-el-desarrollo-sostenible-reds\/","organizer":"Red Espa\u00f1ola para el Desarrollo Sostenible (REDS)","slug":"red-espanola-para-el-desarrollo-sostenible-reds","json_ld":{"@type":"Person","name":"Red Espa\u00f1ola para el Desarrollo Sostenible (REDS)","description":"","url":"","telephone":"","email":"","sameAs":""},"global_id":"www.factoria-4-7.org\/eu\/?id=4090","global_id_lineage":["www.factoria-4-7.org\/eu\/?id=4090"]},{"id":4091,"author":"6","status":"publish","date":"2023-06-23 14:06:33","date_utc":"2023-06-23 12:06:33","modified":"2023-06-23 14:06:33","modified_utc":"2023-06-23 12:06:33","url":"https:\/\/www.factoria-4-7.org\/organizer\/gobierno-vasco-secretaria-general-de-transicion-social-y-agenda-2030\/","organizer":"Gobierno Vasco &#8211; Secretar\u00eda General de Transici\u00f3n Social y Agenda 2030","slug":"gobierno-vasco-secretaria-general-de-transicion-social-y-agenda-2030","json_ld":{"@type":"Person","name":"Gobierno Vasco &#8211; Secretar\u00eda General de Transici\u00f3n Social y Agenda 2030","description":"","url":"","telephone":"","email":"","sameAs":""},"global_id":"www.factoria-4-7.org\/eu\/?id=4091","global_id_lineage":["www.factoria-4-7.org\/eu\/?id=4091"]}],"custom_fields":[],"json_ld":{"@context":"http:\/\/schema.org","@type":"Event","name":"Garapen Iraunkorrerako Hezkuntza eta Kultura","description":"&lt;p&gt;Pandemiak eta klimaren, ekonomiaren eta gizartearen krisiek panorama berri bat definitzen dute munduarentzat. Testuinguru horretan, galde daiteke kulturak eta hezkuntzak zer eginkizun duten kontratu sozial berrian eta 2030 Agendaren esparruan?&lt;\/p&gt;\\n","image":"https:\/\/www.factoria-4-7.org\/wp-content\/uploads\/2023\/06\/curso2037.jpg","url":"https:\/\/www.factoria-4-7.org\/eu\/evento\/garapen-iraunkorrerako-hezkuntza-eta-kultura\/","eventAttendanceMode":"https:\/\/schema.org\/OfflineEventAttendanceMode","eventStatus":"https:\/\/schema.org\/EventScheduled","startDate":"2023-07-04T08:45:00+02:00","endDate":"2023-07-05T14:25:00+02:00","location":{"@type":"Place","name":"Bizkaia Aretoa UPV\/EHU y Palacio Miramar","description":"","url":"","address":{"@type":"PostalAddress","streetAddress":"Avda. Abandoibarra 3","addressLocality":"Bilbao, Spain","addressRegion":"Bizkaia","postalCode":"48009","addressCountry":"Espa\u00f1a"},"telephone":"+34676172465","sameAs":""},"organizer":{"@type":"Person","name":"UN Etxea &#8211; Asociaci\u00f3n del Pa\u00eds Vasco para la UNESCO","description":"","url":"https:\/\/www.unetxea.org\/","telephone":"944276432","email":"&#105;&#110;f&#111;&#64;unet&#120;&#101;&#97;.o&#114;g","sameAs":"https:\/\/www.unetxea.org\/"},"performer":"Organization"}}