{"id":1175,"date":"2023-02-08T12:03:08","date_gmt":"2023-02-08T12:03:08","guid":{"rendered":"https:\/\/www.factoria-4-7.org\/?p=1175"},"modified":"2023-02-08T12:24:29","modified_gmt":"2023-02-08T12:24:29","slug":"comunicacion-educadora-agencia-vasca-de-cooperacion-para-el-desarrollo","status":"publish","type":"post","link":"https:\/\/www.factoria-4-7.org\/eu\/comunicacion-educadora-agencia-vasca-de-cooperacion-para-el-desarrollo\/","title":{"rendered":"Comunicaci\u00f3n educadora. Agencia Vasca de Cooperaci\u00f3n para el Desarrollo"},"content":{"rendered":"\n<div style=\"height:100px\" aria-hidden=\"true\" class=\"wp-block-spacer\"><\/div>\n\n\n\n<p>Educar es #comunicar. La comunicaci\u00f3n puede ser educadora, es decir, promotora de la transformaci\u00f3n social a favor un mundo m\u00e1s justo para todas las personas y el planeta. Para ello, hay que pararse a pensar sobre qu\u00e9 comunicaci\u00f3n y qu\u00e9 proceso de ense\u00f1anza-aprendizaje es por el que apostamos.<\/p>\n\n\n\n<p>En este v\u00eddeo mostramos los componentes esenciales de la comunicaci\u00f3n educadora y elementos que ayuden a la organizaci\u00f3n, las formas de trabajo y propuestas de acci\u00f3n.<\/p>\n\n\n\n<p>El audiovisual se basa en la evaluaci\u00f3n de los procesos educativos de ONGD acompa\u00f1adas por eLankidetza que puedes consultar en el apartado de publicaciones de&nbsp;<a rel=\"noreferrer noopener\" href=\"http:\/\/www.elankidetza.euskadi.eus\/\" target=\"_blank\">www.elankidetza.euskadi.eus<\/a><\/p>\n\n\n\n<div style=\"height:100px\" aria-hidden=\"true\" class=\"wp-block-spacer\"><\/div>\n","protected":false},"excerpt":{"rendered":"<p>Educar es #comunicar. La comunicaci\u00f3n puede ser educadora, es decir, promotora de la transformaci\u00f3n social a favor un mundo m\u00e1s justo para todas las personas y el planeta. Para ello, [&hellip;]<\/p>\n","protected":false},"author":68,"featured_media":1132,"comment_status":"closed","ping_status":"","sticky":false,"template":"","format":"standard","meta":{"_acf_changed":false,"footnotes":""},"categories":[],"tags":[],"ods":[22,12,8,20],"class_list":["post-1175","post","type-post","status-publish","format-standard","has-post-thumbnail","hentry","ods-fin-pobreza","ods-ciudades-comunidades-sostenibles","ods-vida-ecosistemas-terrestres","ods-salud-bienestar"],"acf":[],"_links":{"self":[{"href":"https:\/\/www.factoria-4-7.org\/eu\/wp-json\/wp\/v2\/posts\/1175","targetHints":{"allow":["GET"]}}],"collection":[{"href":"https:\/\/www.factoria-4-7.org\/eu\/wp-json\/wp\/v2\/posts"}],"about":[{"href":"https:\/\/www.factoria-4-7.org\/eu\/wp-json\/wp\/v2\/types\/post"}],"author":[{"embeddable":true,"href":"https:\/\/www.factoria-4-7.org\/eu\/wp-json\/wp\/v2\/users\/68"}],"replies":[{"embeddable":true,"href":"https:\/\/www.factoria-4-7.org\/eu\/wp-json\/wp\/v2\/comments?post=1175"}],"version-history":[{"count":3,"href":"https:\/\/www.factoria-4-7.org\/eu\/wp-json\/wp\/v2\/posts\/1175\/revisions"}],"predecessor-version":[{"id":1187,"href":"https:\/\/www.factoria-4-7.org\/eu\/wp-json\/wp\/v2\/posts\/1175\/revisions\/1187"}],"wp:featuredmedia":[{"embeddable":true,"href":"https:\/\/www.factoria-4-7.org\/eu\/wp-json\/wp\/v2\/media\/1132"}],"wp:attachment":[{"href":"https:\/\/www.factoria-4-7.org\/eu\/wp-json\/wp\/v2\/media?parent=1175"}],"wp:term":[{"taxonomy":"category","embeddable":true,"href":"https:\/\/www.factoria-4-7.org\/eu\/wp-json\/wp\/v2\/categories?post=1175"},{"taxonomy":"post_tag","embeddable":true,"href":"https:\/\/www.factoria-4-7.org\/eu\/wp-json\/wp\/v2\/tags?post=1175"},{"taxonomy":"ods","embeddable":true,"href":"https:\/\/www.factoria-4-7.org\/eu\/wp-json\/wp\/v2\/ods?post=1175"}],"curies":[{"name":"wp","href":"https:\/\/api.w.org\/{rel}","templated":true}]}}