{"id":1232,"date":"2023-02-09T10:21:56","date_gmt":"2023-02-09T10:21:56","guid":{"rendered":"https:\/\/www.factoria-4-7.org\/?p=1232"},"modified":"2023-06-26T12:44:17","modified_gmt":"2023-06-26T10:44:17","slug":"nuevo-decreto-de-impulso-a-la-educacion-ambiental-para-la-sostenibilidad","status":"publish","type":"post","link":"https:\/\/www.factoria-4-7.org\/eu\/nuevo-decreto-de-impulso-a-la-educacion-ambiental-para-la-sostenibilidad\/","title":{"rendered":"Nuevo Decreto  de Impulso a la educaci\u00f3n ambiental para la sostenibilidad"},"content":{"rendered":"\n<div style=\"height:100px\" aria-hidden=\"true\" class=\"wp-block-spacer\"><\/div>\n\n\n\n<p>El Gobierno Vasco ha aprobado un&nbsp;nuevo decreto para impulsar y consolidar la educaci\u00f3n ambiental para la sostenibilidad&nbsp;que contempla, entre otras, la puesta en marcha de una plataforma de innovaci\u00f3n y capacitaci\u00f3n sobre educaci\u00f3n ambiental para la sostenibilidad, la actualizaci\u00f3n del sello \u00abCentro educativo sostenible\u00bb y la creaci\u00f3n de un canal digital sobre el tema.<\/p>\n\n\n\n<p>La presentaci\u00f3n del decreto ha reunido a una en Meatzaldea Ekoetxea a buena parte de los agentes vascos que trabajan en educaci\u00f3n para la sostenibilidad, donde adem\u00e1s se ha dado a conocer la nueva estrategia de la Red de Ekoetxeas. Durante la presentaci\u00f3n del Decreto, UN Etxea reforz\u00f3 su compromiso para seguir trabajando con diversos agentes de manera colaborativa.<\/p>\n\n\n\n<p>\u00abEl nuevo decreto busca impulsar y consolidar la educaci\u00f3n ambiental para la sostenibilidad en Euskadi de la mano de todos los agentes que trabajan en dicho \u00e1mbito, con el fin de avanzar hacia una nueva cultura de la sostenibilidad y promoci\u00f3n de la salud\u00bb, han asegurado.<\/p>\n\n\n\n<p>Este decreto, pone el foco en el desarrollo de nuevos modelos de calidad organizativa y educativa, \u00abpriorizando el \u00e1mbito de la educaci\u00f3n no formal, que coadyuven en la corresponsabilidad de la ciudadan\u00eda en la protecci\u00f3n y conservaci\u00f3n del medio ambiente, todo ello, para la consecuci\u00f3n de una verdadera acci\u00f3n transformadora eco social en tiempos de emergencia clim\u00e1tica\u00bb.<\/p>\n\n\n\n<p>El decreto se articula en torno a seis l\u00edneas estrat\u00e9gicas: el impulso a la Agenda Educativa 2030 y la actualizaci\u00f3n del sello \u00abCentro educativo sostenible\u00bb; la creaci\u00f3n de una plataforma de innovaci\u00f3n, formaci\u00f3n, capacitaci\u00f3n sobre educaci\u00f3n ambiental para la sostenibilidad; la creaci\u00f3n de un canal digital espec\u00edfico sobre educaci\u00f3n ambiental; el desarrollo de herramientas de participaci\u00f3n de la comunidad educativa; la expansi\u00f3n de los centros educativos sostenibles; y la conectividad y alineaci\u00f3n con los planes educativos impulsados por el Departamento de Educaci\u00f3n.<\/p>\n\n\n\n<div style=\"height:100px\" aria-hidden=\"true\" class=\"wp-block-spacer\"><\/div>\n","protected":false},"excerpt":{"rendered":"<p>El Gobierno Vasco ha aprobado un&nbsp;nuevo decreto para impulsar y consolidar la educaci\u00f3n ambiental para la sostenibilidad&nbsp;que contempla, entre otras, la puesta en marcha de una plataforma de innovaci\u00f3n y [&hellip;]<\/p>\n","protected":false},"author":5,"featured_media":1210,"comment_status":"closed","ping_status":"closed","sticky":false,"template":"","format":"standard","meta":{"_acf_changed":false,"footnotes":""},"categories":[38],"tags":[],"ods":[12,10,8],"class_list":["post-1232","post","type-post","status-publish","format-standard","has-post-thumbnail","hentry","category-38","ods-ciudades-comunidades-sostenibles","ods-accion-clima","ods-vida-ecosistemas-terrestres"],"acf":[],"_links":{"self":[{"href":"https:\/\/www.factoria-4-7.org\/eu\/wp-json\/wp\/v2\/posts\/1232","targetHints":{"allow":["GET"]}}],"collection":[{"href":"https:\/\/www.factoria-4-7.org\/eu\/wp-json\/wp\/v2\/posts"}],"about":[{"href":"https:\/\/www.factoria-4-7.org\/eu\/wp-json\/wp\/v2\/types\/post"}],"author":[{"embeddable":true,"href":"https:\/\/www.factoria-4-7.org\/eu\/wp-json\/wp\/v2\/users\/5"}],"replies":[{"embeddable":true,"href":"https:\/\/www.factoria-4-7.org\/eu\/wp-json\/wp\/v2\/comments?post=1232"}],"version-history":[{"count":3,"href":"https:\/\/www.factoria-4-7.org\/eu\/wp-json\/wp\/v2\/posts\/1232\/revisions"}],"predecessor-version":[{"id":4113,"href":"https:\/\/www.factoria-4-7.org\/eu\/wp-json\/wp\/v2\/posts\/1232\/revisions\/4113"}],"wp:featuredmedia":[{"embeddable":true,"href":"https:\/\/www.factoria-4-7.org\/eu\/wp-json\/wp\/v2\/media\/1210"}],"wp:attachment":[{"href":"https:\/\/www.factoria-4-7.org\/eu\/wp-json\/wp\/v2\/media?parent=1232"}],"wp:term":[{"taxonomy":"category","embeddable":true,"href":"https:\/\/www.factoria-4-7.org\/eu\/wp-json\/wp\/v2\/categories?post=1232"},{"taxonomy":"post_tag","embeddable":true,"href":"https:\/\/www.factoria-4-7.org\/eu\/wp-json\/wp\/v2\/tags?post=1232"},{"taxonomy":"ods","embeddable":true,"href":"https:\/\/www.factoria-4-7.org\/eu\/wp-json\/wp\/v2\/ods?post=1232"}],"curies":[{"name":"wp","href":"https:\/\/api.w.org\/{rel}","templated":true}]}}