{"id":1214,"global_id":"www.factoria-4-7.org\/fr\/?id=1214","global_id_lineage":["www.factoria-4-7.org\/fr\/?id=1214"],"author":"5","status":"publish","date":"2023-02-09 09:47:41","date_utc":"2023-02-09 09:47:41","modified":"2023-02-09 09:55:46","modified_utc":"2023-02-09 09:55:46","url":"https:\/\/www.factoria-4-7.org\/fr\/evento\/concurso-fotografico-medio-ambiente-y-derechos-humanos\/","rest_url":"https:\/\/www.factoria-4-7.org\/fr\/wp-json\/tribe\/events\/v1\/events\/1214","title":"Concurso Fotogr\u00e1fico Medio Ambiente y Derechos Humanos","description":"<p>El 23 de febrero<\/p>\n<p>\u00danete al desaf\u00edo de comunicar a trav\u00e9s de una imagen la relaci\u00f3n entre el Medio Ambiente y los Derechos Humanos<\/p>\n<p>El concurso fotogr\u00e1fico\u00a0<strong>\u201cMedio Ambiente y Derechos Humanos\u201d\u00a0<\/strong>es una acci\u00f3n promovida por las ONGD que conforman la\u00a0<strong>Red por la Sostenibilidad Ambiental en la Lucha contra la Pobreza\u00a0<\/strong>y organizada por sus miembros en Bizkaia (Ingenier\u00eda por la Cooperaci\u00f3n \u2013 ICLI, C\u00e1ritas Bizkaia, Fundaci\u00f3n EKI, UN Etxea, TAU Fundazioa y Zabalketa).<\/p>\n<p>El concurso est\u00e1 abierto a personas mayores de edad, que ostenten la autor\u00eda y propiedad exclusivas de los derechos de las obras. Cada participante podr\u00e1 presentar un m\u00e1ximo de 5 fotograf\u00edas tomadas con cualquier t\u00e9cnica fotogr\u00e1fica, tanto en color como en blanco y negro.<\/p>","excerpt":"","slug":"concurso-fotografico-medio-ambiente-y-derechos-humanos","image":{"url":"https:\/\/www.factoria-4-7.org\/wp-content\/uploads\/2023\/02\/niko-photos-tGTVxeOr_Rs-unsplash.jpg","id":1209,"extension":"jpg","width":1000,"height":667,"filesize":945729,"sizes":{"medium":{"width":300,"height":200,"mime-type":"image\/jpeg","filesize":36080,"url":"https:\/\/www.factoria-4-7.org\/wp-content\/uploads\/2023\/02\/niko-photos-tGTVxeOr_Rs-unsplash-300x200.jpg"},"thumbnail":{"width":150,"height":150,"mime-type":"image\/jpeg","filesize":22974,"url":"https:\/\/www.factoria-4-7.org\/wp-content\/uploads\/2023\/02\/niko-photos-tGTVxeOr_Rs-unsplash-150x150.jpg"},"medium_large":{"width":768,"height":512,"mime-type":"image\/jpeg","filesize":162900,"url":"https:\/\/www.factoria-4-7.org\/wp-content\/uploads\/2023\/02\/niko-photos-tGTVxeOr_Rs-unsplash-768x512.jpg"}}},"all_day":true,"start_date":"2023-02-23 00:00:00","start_date_details":{"year":"2023","month":"02","day":"23","hour":"00","minutes":"00","seconds":"00"},"end_date":"2023-02-23 23:59:59","end_date_details":{"year":"2023","month":"02","day":"23","hour":"23","minutes":"59","seconds":"59"},"utc_start_date":"2023-02-23 00:00:00","utc_start_date_details":{"year":"2023","month":"02","day":"23","hour":"00","minutes":"00","seconds":"00"},"utc_end_date":"2023-02-23 23:59:59","utc_end_date_details":{"year":"2023","month":"02","day":"23","hour":"23","minutes":"59","seconds":"59"},"timezone":"UTC+0","timezone_abbr":"UTC+0","cost":"","cost_details":{"currency_symbol":"","currency_code":"","currency_position":"suffix","values":[]},"website":"https:\/\/drive.google.com\/file\/d\/1gxeTmYf4g4SjHVvUFI5u53lbBVk7tIfb\/view?usp=drivesdk","show_map":false,"show_map_link":false,"hide_from_listings":false,"sticky":false,"featured":false,"categories":[],"tags":[],"venue":{"id":1178,"author":"3","status":"publish","date":"2023-02-08 11:58:11","date_utc":"2023-02-08 11:58:11","modified":"2023-02-08 11:58:11","modified_utc":"2023-02-08 11:58:11","url":"https:\/\/www.factoria-4-7.org\/lieu\/via-streaming\/","venue":"Via Streaming","slug":"via-streaming","json_ld":{"@type":"Place","name":"Via Streaming","description":"","url":"","address":{"@type":"PostalAddress"},"telephone":"","sameAs":""},"show_map":true,"show_map_link":true,"global_id":"www.factoria-4-7.org\/fr\/?id=1178","global_id_lineage":["www.factoria-4-7.org\/fr\/?id=1178"]},"organizer":[{"id":1182,"author":"3","status":"publish","date":"2023-02-08 11:58:11","date_utc":"2023-02-08 11:58:11","modified":"2023-02-08 11:58:11","modified_utc":"2023-02-08 11:58:11","url":"https:\/\/www.factoria-4-7.org\/organisateur\/centro-formacion-somorrostro\/","organizer":"Centro Formaci\u00f3n Somorrostro","slug":"centro-formacion-somorrostro","json_ld":{"@type":"Person","name":"Centro Formaci\u00f3n Somorrostro","description":"","url":"","telephone":"","email":"","sameAs":""},"global_id":"www.factoria-4-7.org\/fr\/?id=1182","global_id_lineage":["www.factoria-4-7.org\/fr\/?id=1182"]},{"id":1181,"author":"3","status":"publish","date":"2023-02-08 11:58:11","date_utc":"2023-02-08 11:58:11","modified":"2023-02-08 11:58:11","modified_utc":"2023-02-08 11:58:11","url":"https:\/\/www.factoria-4-7.org\/organisateur\/cebek\/","organizer":"CEBEK","slug":"cebek","json_ld":{"@type":"Person","name":"CEBEK","description":"","url":"","telephone":"","email":"","sameAs":""},"global_id":"www.factoria-4-7.org\/fr\/?id=1181","global_id_lineage":["www.factoria-4-7.org\/fr\/?id=1181"]}],"custom_fields":[],"json_ld":{"@context":"http:\/\/schema.org","@type":"Event","name":"Concurso Fotogr\u00e1fico Medio Ambiente y Derechos Humanos","description":"&lt;p&gt;El 23 de febrero \u00danete al desaf\u00edo de comunicar a trav\u00e9s de una imagen la relaci\u00f3n entre el Medio Ambiente y los Derechos Humanos El concurso fotogr\u00e1fico\u00a0\u201cMedio Ambiente y Derechos [&hellip;]&lt;\/p&gt;\\n","image":"https:\/\/www.factoria-4-7.org\/wp-content\/uploads\/2023\/02\/niko-photos-tGTVxeOr_Rs-unsplash.jpg","url":"https:\/\/www.factoria-4-7.org\/fr\/evento\/concurso-fotografico-medio-ambiente-y-derechos-humanos\/","eventAttendanceMode":"https:\/\/schema.org\/OfflineEventAttendanceMode","eventStatus":"https:\/\/schema.org\/EventScheduled","startDate":"2023-02-23T00:00:00+00:00","endDate":"2023-02-23T23:59:59+00:00","location":{"@type":"Place","name":"Via Streaming","description":"","url":"","address":{"@type":"PostalAddress"},"telephone":"","sameAs":""},"organizer":{"@type":"Person","name":"Centro Formaci\u00f3n Somorrostro","description":"","url":"","telephone":"","email":"","sameAs":""},"performer":"Organization"}}