{"id":3698,"global_id":"www.factoria-4-7.org\/fr\/?id=3698","global_id_lineage":["www.factoria-4-7.org\/fr\/?id=3698"],"author":"6","status":"publish","date":"2023-05-12 13:00:00","date_utc":"2023-05-12 13:00:00","modified":"2023-05-26 10:32:47","modified_utc":"2023-05-26 10:32:47","url":"https:\/\/www.factoria-4-7.org\/fr\/evento\/rce-i-asamblea-regional\/","rest_url":"https:\/\/www.factoria-4-7.org\/fr\/wp-json\/tribe\/events\/v1\/events\/3698","title":"I ASAMBLEA Regional Centre of Expertise (RCE)\u00a0Basque Country-Navarre","description":"<p><img loading=\"lazy\" decoding=\"async\" class=\"alignnone size-medium wp-image-3716\" src=\"https:\/\/www.factoria-4-7.org\/wp-content\/uploads\/2023\/05\/RCE-300x168.png\" alt=\"\" width=\"300\" height=\"168\" srcset=\"https:\/\/www.factoria-4-7.org\/wp-content\/uploads\/2023\/05\/RCE-300x168.png 300w, https:\/\/www.factoria-4-7.org\/wp-content\/uploads\/2023\/05\/RCE-1024x575.png 1024w, https:\/\/www.factoria-4-7.org\/wp-content\/uploads\/2023\/05\/RCE-768x431.png 768w, https:\/\/www.factoria-4-7.org\/wp-content\/uploads\/2023\/05\/RCE-1536x862.png 1536w, https:\/\/www.factoria-4-7.org\/wp-content\/uploads\/2023\/05\/RCE.png 1554w\" sizes=\"auto, (max-width: 300px) 100vw, 300px\" \/><\/p>\n<p><strong><u>I ASAMBLEA RCE BASQUE COUNTRY &#8211; NAVARRE<\/u><\/strong><\/p>\n<p><strong>PROGRAMA FORMAL<\/strong><\/p>\n<p>9:30 \u2013 10:00\u00a0\u00a0\u00a0\u00a0\u00a0\u00a0\u00a0\u00a0 BIENVENIDA.<\/p>\n<p>10:00 \u2013 10:10 \u00a0\u00a0\u00a0\u00a0\u00a0 APERTURA INSTITUCIONAL.<\/p>\n<ul>\n<li><strong>Isaak Aranberri<\/strong>, director de Zumaiena Ikastetxea.<\/li>\n<li><strong>Aran Acha, <\/strong>directora de UN Etxea \u2013 Asociaci\u00f3n del Pa\u00eds Vasco para la UNESCO.<\/li>\n<\/ul>\n<p>10:10 \u2013 10:15\u00a0\u00a0\u00a0\u00a0\u00a0\u00a0 PRESENTACI\u00d3N DE LOS OBJETIVOS DE LA JORNADA.<\/p>\n<ul>\n<li><strong>Samuel Fern\u00e1ndez Diekert, <\/strong>programa Educaci\u00f3n Factor\u00eda 4.7, UN Etxea \u2013 Asociaci\u00f3n del Pa\u00eds Vasco para la UNESCO<\/li>\n<\/ul>\n<p>10:15 \u2013 10:45\u00a0\u00a0\u00a0\u00a0\u00a0\u00a0 PRESENTACI\u00d3N MARCO RCE GALIZA.<\/p>\n<ul>\n<li><strong>Jo\u00e1m Evans Pim, <\/strong>Fundaci\u00f3n Montescola.<\/li>\n<\/ul>\n<p>10:45 \u2013 11:10\u00a0\u00a0\u00a0\u00a0\u00a0\u00a0 PROYECTO BOOST-IMPULSANDO LA EDUCACI\u00d3N AMBIENTAL EN EUSKADI<\/p>\n<ul>\n<li><strong>Mikel Ballesteros Garc\u00eda<\/strong>, consultor senior en M.A. y sistemas de informaci\u00f3n. Servicio de Educaci\u00f3n ambiental, Viceconsejer\u00eda de Sostenibilidad Ambiental<\/li>\n<\/ul>\n<p>11:10 \u2013 12:15 \u00a0\u00a0\u00a0\u00a0\u00a0 EXPERIENCIAS ENTIDADES RCE BASQUE COUNTRY-NAVARRE (presentaciones).<\/p>\n<ul>\n<li style=\"list-style-type: none;\">\n<ul>\n<li>Proyectos escolares Mancoeduca. Rumbo a la sostenibilidad. (<strong>Mar Garc\u00eda<\/strong>, Programa de educaci\u00f3n ambiental de la Mancomunidad de la Comarca de Pamplona)<\/li>\n<li>Plan de Agenda 2030 de Lauro Ikastola. (<strong>Jonan G\u00f3mez Barrenetxea<\/strong>, Lauro Ikastola)<\/li>\n<li>Potencial dinamizador del sector educativo en la sensibilizaci\u00f3n y lucha colectiva contra la emergencia clim\u00e1tica (<strong>Txus Arana<\/strong>, Fundaci\u00f3n Arizmendiarrieta)<\/li>\n<li>Lenguas y ODS (<strong>In\u00e9s Garc\u00eda Azkoaga<\/strong>, C\u00e1tedra UNESCO Patrimonio Ling\u00fc\u00edstico Mundial UPV\/EHU)<\/li>\n<li>Espacio para preguntas<\/li>\n<\/ul>\n<\/li>\n<\/ul>\n<ul>\n<li style=\"list-style-type: none;\"><\/li>\n<\/ul>\n<p>12:15 \u2013 12:30\u00a0\u00a0\u00a0\u00a0\u00a0\u00a0 PAUSA CAF\u00c9<\/p>\n<p>12:30 \u2013 13:30 \u00a0\u00a0\u00a0\u00a0\u00a0 DIALOGO ABIERTO EN TORNO AL PLANTEAMIENTO INICIAL DE TRABAJO RCE.<\/p>\n<p>Modera:<strong> Samuel Fern\u00e1ndez Diekert, <\/strong>programa Educaci\u00f3n Factor\u00eda 4.7, UN Etxea \u2013Asociaci\u00f3n del Pa\u00eds Vasco para la UNESCO<\/p>\n<ul>\n<li>Presentaci\u00f3n del espacio virtual de trabajo RCE (junto a <strong>Javier Gonz\u00e1lez<\/strong>, Dr.Minsky)<\/li>\n<li>Propuesta de comit\u00e9s de proyecto<\/li>\n<li>Operacionalizaci\u00f3n del RCE (Gobernanza, comunicaci\u00f3n, estructura org\u00e1nica)<\/li>\n<li>Co-organizaci\u00f3n del Encuentro Europeo de RCEs 2023 (Webinar)<\/li>\n<\/ul>\n<p>13:30 \u2013 14:00\u00a0\u00a0\u00a0\u00a0\u00a0\u00a0 CONCLUSIONES Y CIERRE<\/p>\n<p><strong>PROGRAMA INFORMAL OPCIONAL<\/strong><\/p>\n<p>14:00 \u2013 16:30\u00a0\u00a0\u00a0\u00a0\u00a0\u00a0 COMIDA GRUPAL (APORTACI\u00d3N INDIVIDUAL)<\/p>\n<p>16:30 \u2013 17:30\u00a0\u00a0\u00a0\u00a0\u00a0\u00a0 VISITA AL GEOPARQUE DE LA COSTA VASCA<\/p>\n<p><a href=\"https:\/\/www.factoria-4-7.org\/wp-content\/uploads\/2023\/05\/PROGRAMA-PROVISIONAL-DE-LA-JORNADA.pdf\">PROGRAMA PROVISIONAL DE LA JORNADA<\/a><\/p>\n<p>&nbsp;<\/p>","excerpt":"","slug":"rce-i-asamblea-regional","image":{"url":"https:\/\/www.factoria-4-7.org\/wp-content\/uploads\/2023\/05\/Presentacion-Factoria-4.7-35-scaled.jpg","id":3711,"extension":"jpg","width":2560,"height":756,"filesize":363123,"sizes":{"medium":{"width":300,"height":89,"mime-type":"image\/jpeg","filesize":32788,"url":"https:\/\/www.factoria-4-7.org\/wp-content\/uploads\/2023\/05\/Presentacion-Factoria-4.7-35-300x89.jpg"},"large":{"width":1024,"height":302,"mime-type":"image\/jpeg","filesize":92470,"url":"https:\/\/www.factoria-4-7.org\/wp-content\/uploads\/2023\/05\/Presentacion-Factoria-4.7-35-1024x302.jpg"},"thumbnail":{"width":150,"height":150,"mime-type":"image\/jpeg","filesize":30708,"url":"https:\/\/www.factoria-4-7.org\/wp-content\/uploads\/2023\/05\/Presentacion-Factoria-4.7-35-150x150.jpg"},"medium_large":{"width":768,"height":227,"mime-type":"image\/jpeg","filesize":67049,"url":"https:\/\/www.factoria-4-7.org\/wp-content\/uploads\/2023\/05\/Presentacion-Factoria-4.7-35-768x227.jpg"},"1536x1536":{"width":1536,"height":454,"mime-type":"image\/jpeg","filesize":159763,"url":"https:\/\/www.factoria-4-7.org\/wp-content\/uploads\/2023\/05\/Presentacion-Factoria-4.7-35-1536x454.jpg"},"2048x2048":{"width":2048,"height":605,"mime-type":"image\/jpeg","filesize":248267,"url":"https:\/\/www.factoria-4-7.org\/wp-content\/uploads\/2023\/05\/Presentacion-Factoria-4.7-35-2048x605.jpg"}},"original_image":"Presentacion-Factoria-4.7-35.jpg"},"all_day":false,"start_date":"2023-06-09 10:00:00","start_date_details":{"year":"2023","month":"06","day":"09","hour":"10","minutes":"00","seconds":"00"},"end_date":"2023-06-09 14:00:00","end_date_details":{"year":"2023","month":"06","day":"09","hour":"14","minutes":"00","seconds":"00"},"utc_start_date":"2023-06-09 10:00:00","utc_start_date_details":{"year":"2023","month":"06","day":"09","hour":"10","minutes":"00","seconds":"00"},"utc_end_date":"2023-06-09 14:00:00","utc_end_date_details":{"year":"2023","month":"06","day":"09","hour":"14","minutes":"00","seconds":"00"},"timezone":"UTC+0","timezone_abbr":"UTC+0","cost":"","cost_details":{"currency_symbol":"","currency_code":"","currency_position":"suffix","values":[]},"website":"http:\/\/www.unetxea.org\/dokumentuak\/programa-RCE-zumaia.pdf?fbclid=IwAR0Fl9EL87ycuz292bssgISiMRdBUNlVOXSB7cWxBzhENrboe6ZS7U_I4zM","show_map":true,"show_map_link":true,"hide_from_listings":false,"sticky":true,"featured":true,"categories":[],"tags":[],"venue":{"id":3708,"author":"6","status":"publish","date":"2023-05-12 10:46:12","date_utc":"2023-05-12 10:46:12","modified":"2023-05-12 10:46:12","modified_utc":"2023-05-12 10:46:12","url":"https:\/\/www.factoria-4-7.org\/lieu\/zumaiena-ikastetxea\/","venue":"Zumaiena Ikastetxea","slug":"zumaiena-ikastetxea","address":"Axular 6","city":"Zumaia","country":"Espa\u00f1a","province":"Gipuzkoa","zip":"20750","phone":"943860462","website":"https:\/\/zumaiena.eus\/?lang=es","stateprovince":"Gipuzkoa","json_ld":{"@type":"Place","name":"Zumaiena Ikastetxea","description":"","url":"","address":{"@type":"PostalAddress","streetAddress":"Axular 6","addressLocality":"Zumaia","addressRegion":"Gipuzkoa","postalCode":"20750","addressCountry":"Espa\u00f1a"},"telephone":"943860462","sameAs":"https:\/\/zumaiena.eus\/?lang=es"},"show_map":true,"show_map_link":true,"global_id":"www.factoria-4-7.org\/fr\/?id=3708","global_id_lineage":["www.factoria-4-7.org\/fr\/?id=3708"]},"organizer":[{"id":3709,"author":"6","status":"publish","date":"2023-05-12 10:46:12","date_utc":"2023-05-12 10:46:12","modified":"2023-05-12 10:46:12","modified_utc":"2023-05-12 10:46:12","url":"https:\/\/www.factoria-4-7.org\/organisateur\/un-etxea-asociacion-del-pais-vasco-para-la-unesco\/","organizer":"UN Etxea &#8211; Asociaci\u00f3n del Pa\u00eds Vasco para la UNESCO","slug":"un-etxea-asociacion-del-pais-vasco-para-la-unesco","phone":"944276432","website":"https:\/\/www.unetxea.org\/","email":"info@unetxea.org","json_ld":{"@type":"Person","name":"UN Etxea &#8211; Asociaci\u00f3n del Pa\u00eds Vasco para la UNESCO","description":"","url":"https:\/\/www.unetxea.org\/","telephone":"944276432","email":"&#105;&#110;f&#111;&#64;un&#101;txe&#97;&#46;org","sameAs":"https:\/\/www.unetxea.org\/"},"global_id":"www.factoria-4-7.org\/fr\/?id=3709","global_id_lineage":["www.factoria-4-7.org\/fr\/?id=3709"]},{"id":3715,"author":"6","status":"publish","date":"2023-05-12 11:03:54","date_utc":"2023-05-12 11:03:54","modified":"2023-05-12 11:03:54","modified_utc":"2023-05-12 11:03:54","url":"https:\/\/www.factoria-4-7.org\/organisateur\/agencia-vasca-de-cooperacion-al-desarrollo\/","organizer":"Agencia Vasca de Cooperaci\u00f3n al Desarrollo","slug":"agencia-vasca-de-cooperacion-al-desarrollo","website":"https:\/\/elankidetza.euskadi.eus\/webela01-hasiera\/es","json_ld":{"@type":"Person","name":"Agencia Vasca de Cooperaci\u00f3n al Desarrollo","description":"","url":"https:\/\/elankidetza.euskadi.eus\/webela01-hasiera\/es","telephone":"","email":"","sameAs":"https:\/\/elankidetza.euskadi.eus\/webela01-hasiera\/es"},"global_id":"www.factoria-4-7.org\/fr\/?id=3715","global_id_lineage":["www.factoria-4-7.org\/fr\/?id=3715"]}],"custom_fields":[],"json_ld":{"@context":"http:\/\/schema.org","@type":"Event","name":"I ASAMBLEA Regional Centre of Expertise (RCE)\u00a0Basque Country-Navarre","description":"&lt;p&gt;I ASAMBLEA RCE BASQUE COUNTRY - NAVARRE PROGRAMA FORMAL 9:30 \u2013 10:00\u00a0\u00a0\u00a0\u00a0\u00a0\u00a0\u00a0\u00a0 BIENVENIDA. 10:00 \u2013 10:10 \u00a0\u00a0\u00a0\u00a0\u00a0 APERTURA INSTITUCIONAL. Isaak Aranberri, director de Zumaiena Ikastetxea. Aran Acha, directora de UN [&hellip;]&lt;\/p&gt;\\n","image":"https:\/\/www.factoria-4-7.org\/wp-content\/uploads\/2023\/05\/Presentacion-Factoria-4.7-35-scaled.jpg","url":"https:\/\/www.factoria-4-7.org\/fr\/evento\/rce-i-asamblea-regional\/","eventAttendanceMode":"https:\/\/schema.org\/OfflineEventAttendanceMode","eventStatus":"https:\/\/schema.org\/EventScheduled","startDate":"2023-06-09T10:00:00+00:00","endDate":"2023-06-09T14:00:00+00:00","location":{"@type":"Place","name":"Zumaiena Ikastetxea","description":"","url":"","address":{"@type":"PostalAddress","streetAddress":"Axular 6","addressLocality":"Zumaia","addressRegion":"Gipuzkoa","postalCode":"20750","addressCountry":"Espa\u00f1a"},"telephone":"943860462","sameAs":"https:\/\/zumaiena.eus\/?lang=es"},"organizer":{"@type":"Person","name":"UN Etxea &#8211; Asociaci\u00f3n del Pa\u00eds Vasco para la UNESCO","description":"","url":"https:\/\/www.unetxea.org\/","telephone":"944276432","email":"i&#110;fo&#64;&#117;&#110;&#101;&#116;&#120;e&#97;.&#111;&#114;g","sameAs":"https:\/\/www.unetxea.org\/"},"performer":"Organization"}}