{"id":4066,"global_id":"www.factoria-4-7.org\/fr\/?id=4066","global_id_lineage":["www.factoria-4-7.org\/fr\/?id=4066"],"author":"6","status":"publish","date":"2023-06-23 13:25:14","date_utc":"2023-06-23 11:25:14","modified":"2023-06-23 13:31:33","modified_utc":"2023-06-23 11:31:33","url":"https:\/\/www.factoria-4-7.org\/fr\/evento\/lanzamiento-de-la-iv-edicion-de-la-noche-iberoamericana-de-ls-investigadors\/","rest_url":"https:\/\/www.factoria-4-7.org\/fr\/wp-json\/tribe\/events\/v1\/events\/4066","title":"Lanzamiento De La IV Edici\u00f3n De La Noche Iberoamericana De L@s Investigador@s","description":"<p>La <a href=\"https:\/\/oei.int\/oficinas\/secretaria-general\/noche-iberoamericana-de-los-investigadores\/presentacion\" data-auth=\"NotApplicable\" data-linkindex=\"0\">Noche Iberoamericana de l@s Investigador@s (NII) <\/a>es un proyecto para promover la conexi\u00f3n entre la ciencia y la sociedad en Iberoam\u00e9rica. Con este objetivo, se desarrolla esta iniciativa en la que investigadoras e investigadores de la regi\u00f3n llevan a cabo durante dos d\u00edas actividades con p\u00fablico en general, infantil, estudiantes, etc., de divulgaci\u00f3n cient\u00edfica (talleres, cuentacuentos, conciertos&#8230;). Desde 2020 han participado m\u00e1s de 650 personas investigadoras de 12 pa\u00edses de Am\u00e9rica Latina y el Caribe.<\/p>\n<p>En este sentido, creemos que nuestro proyecto puede servir de plataforma para los investigadores con los que trabaj\u00e1is. Por eso, tenemos el gusto de invitaros al Lanzamiento de la\u00a0<strong><span data-markjs=\"true\">Noche<\/span>\u00a0<\/strong><strong>Iberoamericana de l@s Investigador@s 2023.\u00a0<\/strong>Ser\u00e1 una presentaci\u00f3n v\u00eda streaming el d\u00eda\u00a0<strong>mi\u00e9rcoles 28 de junio a las 16 horas (CEST)<\/strong>\u00a0en el que la Fundaci\u00f3n Madri+d y la OEI dar\u00e1n a conocer los objetivos de la edici\u00f3n de este a\u00f1o.\u00a0Adem\u00e1s, la oficina nacional de la OEI en M\u00e9xico presentar\u00e1 la\u00a0<strong>Memoria Regional de la\u00a0<span data-markjs=\"true\">Noche<\/span>\u00a0Iberoamericana<\/strong>\u00a0que ha elaborado recogiendo un ejemplo de las actividades que se realizaron en todos los pa\u00edses en la edici\u00f3n del a\u00f1o pasado.<\/p>\n<p><a href=\"https:\/\/oei.int\/oficinas\/secretaria-general\/noche-iberoamericana-de-los-investigadores\/presentacion\">https:\/\/oei.int\/oficinas\/secretaria-general\/noche-iberoamericana-de-los-investigadores\/presentacion<\/a><\/p>\n<p><img loading=\"lazy\" decoding=\"async\" class=\"alignnone size-medium wp-image-4067\" src=\"https:\/\/www.factoria-4-7.org\/wp-content\/uploads\/2023\/06\/Lanzamiento-De-La-IV-Edicion-De-La-Noche-Iberoamericana-De-L@s-Investigador@s-300x220.jpg\" alt=\"\" width=\"300\" height=\"220\" srcset=\"https:\/\/www.factoria-4-7.org\/wp-content\/uploads\/2023\/06\/Lanzamiento-De-La-IV-Edicion-De-La-Noche-Iberoamericana-De-L@s-Investigador@s-300x220.jpg 300w, https:\/\/www.factoria-4-7.org\/wp-content\/uploads\/2023\/06\/Lanzamiento-De-La-IV-Edicion-De-La-Noche-Iberoamericana-De-L@s-Investigador@s-1024x750.jpg 1024w, https:\/\/www.factoria-4-7.org\/wp-content\/uploads\/2023\/06\/Lanzamiento-De-La-IV-Edicion-De-La-Noche-Iberoamericana-De-L@s-Investigador@s-768x562.jpg 768w, https:\/\/www.factoria-4-7.org\/wp-content\/uploads\/2023\/06\/Lanzamiento-De-La-IV-Edicion-De-La-Noche-Iberoamericana-De-L@s-Investigador@s-1536x1125.jpg 1536w, https:\/\/www.factoria-4-7.org\/wp-content\/uploads\/2023\/06\/Lanzamiento-De-La-IV-Edicion-De-La-Noche-Iberoamericana-De-L@s-Investigador@s.jpg 2025w\" sizes=\"auto, (max-width: 300px) 100vw, 300px\" \/><\/p>\n<p><a href=\"https:\/\/www.factoria-4-7.org\/wp-content\/uploads\/2023\/06\/Noche-Iberoamericana-De-L@s-Investigador@s_IV-Edicion.pdf\">Noche Iberoamericana De L@s Investigador@s_IV Edici\u00f3n<\/a><\/p>\n<p>Adjuntamos un documento de presentaci\u00f3n de la NII 2023 y la invitaci\u00f3n correspondiente.\u00a0Esperamos poder contar con vuestra instituci\u00f3n a trav\u00e9s del siguiente\u00a0<a href=\"https:\/\/teams.microsoft.com\/l\/meetup-join\/19%3ameeting_NzY5ZDhiNTgtYjhjMS00ZTNhLTkzODAtZjBjOGI4YWJlODEy%40thread.v2\/0?context=%7B%22Tid%22%3A%22c6e72044-ef50-4155-b833-547e735dcb82%22%2C%22Oid%22%3A%220ed1343c-5c39-484b-9a32-0351ea7b83bf%22%2C%22IsBroadcastMeeting%22%3Atrue%2C%22role%22%3A%22a%22%7D&amp;btype=a&amp;role=a\" data-auth=\"NotApplicable\" data-linkindex=\"1\">enlace de conexi\u00f3n<\/a>.<\/p>\n<p>&nbsp;<\/p>","excerpt":"<p>Este proyecto trae a Iberoam\u00e9rica la Noche Europea de los Investigadores, con el objetivo de promover la conexi\u00f3n entre la ciencia y la sociedad en la regi\u00f3n. Desde 2020, la OEI se ha sumado a esta iniciativa europea alcanzando en 2022 su tercera edici\u00f3n con m\u00e1s de 250 actividades organizadas en 12 pa\u00edses.<\/p>","slug":"lanzamiento-de-la-iv-edicion-de-la-noche-iberoamericana-de-ls-investigadors","image":{"url":"https:\/\/www.factoria-4-7.org\/wp-content\/uploads\/2023\/06\/IMAGEN-NII.jpg","id":4076,"extension":"jpg","width":800,"height":600,"filesize":265155,"sizes":{"medium":{"width":300,"height":225,"mime-type":"image\/jpeg","filesize":17601,"url":"https:\/\/www.factoria-4-7.org\/wp-content\/uploads\/2023\/06\/IMAGEN-NII-300x225.jpg"},"thumbnail":{"width":150,"height":150,"mime-type":"image\/jpeg","filesize":7797,"url":"https:\/\/www.factoria-4-7.org\/wp-content\/uploads\/2023\/06\/IMAGEN-NII-150x150.jpg"},"medium_large":{"width":768,"height":576,"mime-type":"image\/jpeg","filesize":68403,"url":"https:\/\/www.factoria-4-7.org\/wp-content\/uploads\/2023\/06\/IMAGEN-NII-768x576.jpg"}}},"all_day":false,"start_date":"2023-06-28 16:00:00","start_date_details":{"year":"2023","month":"06","day":"28","hour":"16","minutes":"00","seconds":"00"},"end_date":"2023-06-28 17:00:00","end_date_details":{"year":"2023","month":"06","day":"28","hour":"17","minutes":"00","seconds":"00"},"utc_start_date":"2023-06-28 14:00:00","utc_start_date_details":{"year":"2023","month":"06","day":"28","hour":"14","minutes":"00","seconds":"00"},"utc_end_date":"2023-06-28 15:00:00","utc_end_date_details":{"year":"2023","month":"06","day":"28","hour":"15","minutes":"00","seconds":"00"},"timezone":"Europe\/Madrid","timezone_abbr":"CEST","cost":"","cost_details":{"currency_symbol":"","currency_code":"","currency_position":"suffix","values":[]},"website":"https:\/\/oei.int\/oficinas\/secretaria-general\/noche-iberoamericana-de-los-investigadores\/presentacion","show_map":true,"show_map_link":true,"hide_from_listings":false,"sticky":false,"featured":false,"categories":[],"tags":[],"venue":{"id":1178,"author":"3","status":"publish","date":"2023-02-08 11:58:11","date_utc":"2023-02-08 11:58:11","modified":"2023-02-08 11:58:11","modified_utc":"2023-02-08 11:58:11","url":"https:\/\/www.factoria-4-7.org\/lieu\/via-streaming\/","venue":"Via Streaming","slug":"via-streaming","json_ld":{"@type":"Place","name":"Via Streaming","description":"","url":"","address":{"@type":"PostalAddress"},"telephone":"","sameAs":""},"show_map":true,"show_map_link":true,"global_id":"www.factoria-4-7.org\/fr\/?id=1178","global_id_lineage":["www.factoria-4-7.org\/fr\/?id=1178"]},"organizer":[{"id":4072,"author":"6","status":"publish","date":"2023-06-23 13:25:14","date_utc":"2023-06-23 11:25:14","modified":"2023-06-23 13:25:14","modified_utc":"2023-06-23 11:25:14","url":"https:\/\/www.factoria-4-7.org\/organisateur\/organizacion-de-estados-iberoamericanos-oei\/","organizer":"Organizaci\u00f3n de Estados Iberoamericanos (OEI)","slug":"organizacion-de-estados-iberoamericanos-oei","phone":"(+34) 91 594 43 82","website":"https:\/\/oei.int\/oficinas\/secretaria-general\/noche-iberoamericana-de-los-investigadores\/presentacion","email":"oei@oei.int","json_ld":{"@type":"Person","name":"Organizaci\u00f3n de Estados Iberoamericanos (OEI)","description":"","url":"https:\/\/oei.int\/oficinas\/secretaria-general\/noche-iberoamericana-de-los-investigadores\/presentacion","telephone":"(+34) 91 594 43 82","email":"&#111;ei&#64;o&#101;i.&#105;nt","sameAs":"https:\/\/oei.int\/oficinas\/secretaria-general\/noche-iberoamericana-de-los-investigadores\/presentacion"},"global_id":"www.factoria-4-7.org\/fr\/?id=4072","global_id_lineage":["www.factoria-4-7.org\/fr\/?id=4072"]}],"custom_fields":[],"json_ld":{"@context":"http:\/\/schema.org","@type":"Event","name":"Lanzamiento De La IV Edici\u00f3n De La Noche Iberoamericana De L@s Investigador@s","description":"&lt;p&gt;Este proyecto trae a Iberoam\u00e9rica la Noche Europea de los Investigadores, con el objetivo de promover la conexi\u00f3n entre la ciencia y la sociedad en la regi\u00f3n. Desde 2020, la OEI se ha sumado a esta iniciativa europea alcanzando en 2022 su tercera edici\u00f3n con m\u00e1s de 250 actividades organizadas en 12 pa\u00edses.&lt;\/p&gt;\\n","image":"https:\/\/www.factoria-4-7.org\/wp-content\/uploads\/2023\/06\/IMAGEN-NII.jpg","url":"https:\/\/www.factoria-4-7.org\/fr\/evento\/lanzamiento-de-la-iv-edicion-de-la-noche-iberoamericana-de-ls-investigadors\/","eventAttendanceMode":"https:\/\/schema.org\/OfflineEventAttendanceMode","eventStatus":"https:\/\/schema.org\/EventScheduled","startDate":"2023-06-28T16:00:00+02:00","endDate":"2023-06-28T17:00:00+02:00","location":{"@type":"Place","name":"Via Streaming","description":"","url":"","address":{"@type":"PostalAddress"},"telephone":"","sameAs":""},"organizer":{"@type":"Person","name":"Organizaci\u00f3n de Estados Iberoamericanos (OEI)","description":"","url":"https:\/\/oei.int\/oficinas\/secretaria-general\/noche-iberoamericana-de-los-investigadores\/presentacion","telephone":"(+34) 91 594 43 82","email":"&#111;ei&#64;&#111;&#101;i&#46;&#105;nt","sameAs":"https:\/\/oei.int\/oficinas\/secretaria-general\/noche-iberoamericana-de-los-investigadores\/presentacion"},"performer":"Organization"}}