{"id":4495,"date":"2023-08-17T13:21:55","date_gmt":"2023-08-17T11:21:55","guid":{"rendered":"https:\/\/www.factoria-4-7.org\/?p=4495"},"modified":"2023-08-17T13:21:57","modified_gmt":"2023-08-17T11:21:57","slug":"la-oei-y-el-ministerio-de-educacion-de-espana-lanzan-la-2a-edicion-del-premio-innovacion-y-ods-en-los-centros-educativos","status":"publish","type":"post","link":"https:\/\/www.factoria-4-7.org\/fr\/la-oei-y-el-ministerio-de-educacion-de-espana-lanzan-la-2a-edicion-del-premio-innovacion-y-ods-en-los-centros-educativos\/","title":{"rendered":"La OEI y el Ministerio de Educaci\u00f3n de Espa\u00f1a lanzan la 2\u00aa edici\u00f3n del premio \u2018Innovaci\u00f3n y ODS en los centros educativos\u2019"},"content":{"rendered":"\n<h2 class=\"wp-block-heading\"><strong>Por segundo a\u00f1o consecutivo, los proyectos educativos m\u00e1s innovadores sobre los ODS de 22 pa\u00edses iberoamericanos podr\u00e1n participar en este galard\u00f3n. El plazo estar\u00e1 abierto hasta el 5 de octubre de este a\u00f1o.<\/strong><\/h2>\n\n\n\n<p>La Organizaci\u00f3n de Estados Iberoamericanos para la Educaci\u00f3n, la Ciencia y la Cultura (OEI) y el Ministerio de la Educaci\u00f3n y Formaci\u00f3n Profesional de Espa\u00f1a han lanzado hoy la segunda edici\u00f3n del premio&nbsp;<strong>\u201cInnovaci\u00f3n y ODS en los centros educativos\u201d<\/strong>.&nbsp;<strong>&nbsp;<\/strong><\/p>\n\n\n\n<p>El galard\u00f3n busca reconocer la implicaci\u00f3n de los centros educativos de toda Iberoam\u00e9rica en la concienciaci\u00f3n y difusi\u00f3n de los Objetivos de Desarrollo Sostenible (ODS) de la Agenda 2030 al interior de las aulas de manera innovadora.<\/p>\n\n\n\n<p>Podr\u00e1n participar en este premio centros educativos de<strong>&nbsp;Andorra, Argentina, Bolivia, Brasil, Chile, Colombia, Costa Rica, Cuba, El Salvador, Ecuador, Espa\u00f1a, Guatemala, Honduras, M\u00e9xico, Nicaragua, Panam\u00e1, Paraguay, Per\u00fa, Portugal, Rep\u00fablica Dominicana y Uruguay.<\/strong><\/p>\n\n\n\n<p>La convocatoria estar\u00e1 abierta hasta el pr\u00f3ximo 5 de octubre para centros educativos de los niveles de infantil, primaria, secundaria, bachillerato, educaci\u00f3n t\u00e9cnico profesional y educaci\u00f3n de personas j\u00f3venes y adultas, as\u00ed como aquellos que trabajen la modalidad de educaci\u00f3n especial, con proyectos que se hayan ejecutado entre el 1 de enero de 2022 y el 31 de agosto de 2023.<\/p>\n\n\n\n<p>El galard\u00f3n reconocer\u00e1 a tres instituciones educativas que destaquen por su pertinencia e innovaci\u00f3n, as\u00ed como por la implicaci\u00f3n de la comunidad educativa y su sostenibilidad en el tiempo, entre otros criterios. La mejor iniciativa se har\u00e1 merecedora de&nbsp;<strong>un reconocimiento de 10 mil euros, mientras que las otras dos finalistas se alzar\u00e1n con un premio de 5 mil euros,&nbsp;<\/strong>que podr\u00e1n utilizar para la continuidad o fortalecimiento de su proyecto educativo.&nbsp;<strong>Las solicitudes se podr\u00e1n presentar a trav\u00e9s de este&nbsp;<\/strong><a href=\"https:\/\/forms.office.com\/pages\/responsepage.aspx?id=RCDnxlDvVUG4M1R-c13Lgr4j9pSsIaBNl6SrxPK0vuNUM0lISDZEQ0hVQUU5SllZSTRJSU9GVDNLSSQlQCN0PWcu&amp;web=1&amp;wdLOR=c906D60A6-F082-4AED-86D9-881CD0684A05\"><strong>formulario.<\/strong><\/a>&nbsp;<\/p>\n\n\n\n<p>La comisi\u00f3n del jurado estar\u00e1 compuesta por expertos en la materia y por especialistas de las instituciones convocantes que seleccionar\u00e1 a los ganadores antes del 30 de octubre. Los proyectos ganadores ser\u00e1n invitados a participar de un evento de premiaci\u00f3n que se llevar\u00e1 a cabo a finales de este a\u00f1o y tendr\u00e1n la posibilidad de participar en 2024 en el II Seminario Iberoamericano de Innovaci\u00f3n e Investigaci\u00f3n Educativa que promover\u00e1 la\u00a0<a href=\"https:\/\/oei.int\/oficinas\/secretaria-general\/noticias\/la-oei-y-el-ministerio-de-educacion-y-formacion-profesional-de-espana-lanzan-red-iberoamericana-de-innovacion-e-investigacion-educativa\">Red Iberoamericana de Innovaci\u00f3n e Investigaci\u00f3n Educativa<\/a>, creada por la OEI y el Ministerio de Educaci\u00f3n y Formaci\u00f3n Profesional el a\u00f1o pasado.<\/p>\n\n\n\n<ul class=\"wp-block-list\">\n<li><a target=\"_blank\" href=\"https:\/\/oei.int\/downloads\/blobs\/eyJfcmFpbHMiOnsibWVzc2FnZSI6IkJBaHBBcEJwIiwiZXhwIjpudWxsLCJwdXIiOiJibG9iX2lkIn19--1cf8feb49f6412995715b2e5ea10f2fb2c3925b6\/ES_Bases%202%C2%AA%20convocatoria%20Premio%20ODS%20Centros%20Educativos.pdf\" rel=\"noreferrer noopener\">ES_Bases_2\u00aa Convocatoria Premio &lsquo;Innovaci\u00f3n y ODS en los centros educativos&rsquo; (PDF 600 KB)<\/a><\/li>\n\n\n\n<li><a target=\"_blank\" href=\"https:\/\/oei.int\/downloads\/blobs\/eyJfcmFpbHMiOnsibWVzc2FnZSI6IkJBaHBBcEZwIiwiZXhwIjpudWxsLCJwdXIiOiJibG9iX2lkIn19--263311c4526881ede8119f70349447d6ec3da2fd\/PT_Edital_2%C2%AA%20convocatoria%20Premio%20ODS%20Centros%20Educativos.pdf\" rel=\"noreferrer noopener\">PT_Edital_2\u00aa Convocat\u00f3ria Pr\u00eamio &lsquo;Innova\u00e7ao e ODS nos centros educativos&rsquo; (PDF 700 KB)<\/a><\/li>\n<\/ul>\n","protected":false},"excerpt":{"rendered":"<p>Por segundo a\u00f1o consecutivo, los proyectos educativos m\u00e1s innovadores sobre los ODS de 22 pa\u00edses iberoamericanos podr\u00e1n participar en este galard\u00f3n. El plazo estar\u00e1 abierto hasta el 5 de octubre [&hellip;]<\/p>\n","protected":false},"author":6,"featured_media":4492,"comment_status":"closed","ping_status":"closed","sticky":false,"template":"","format":"standard","meta":{"_acf_changed":false,"footnotes":""},"categories":[1],"tags":[],"ods":[19,14],"class_list":["post-4495","post","type-post","status-publish","format-standard","has-post-thumbnail","hentry","category-sin-categorizar","ods-educacion-calidad","ods-industria-innovacion-infraestructura"],"acf":[],"_links":{"self":[{"href":"https:\/\/www.factoria-4-7.org\/fr\/wp-json\/wp\/v2\/posts\/4495","targetHints":{"allow":["GET"]}}],"collection":[{"href":"https:\/\/www.factoria-4-7.org\/fr\/wp-json\/wp\/v2\/posts"}],"about":[{"href":"https:\/\/www.factoria-4-7.org\/fr\/wp-json\/wp\/v2\/types\/post"}],"author":[{"embeddable":true,"href":"https:\/\/www.factoria-4-7.org\/fr\/wp-json\/wp\/v2\/users\/6"}],"replies":[{"embeddable":true,"href":"https:\/\/www.factoria-4-7.org\/fr\/wp-json\/wp\/v2\/comments?post=4495"}],"version-history":[{"count":2,"href":"https:\/\/www.factoria-4-7.org\/fr\/wp-json\/wp\/v2\/posts\/4495\/revisions"}],"predecessor-version":[{"id":4497,"href":"https:\/\/www.factoria-4-7.org\/fr\/wp-json\/wp\/v2\/posts\/4495\/revisions\/4497"}],"wp:featuredmedia":[{"embeddable":true,"href":"https:\/\/www.factoria-4-7.org\/fr\/wp-json\/wp\/v2\/media\/4492"}],"wp:attachment":[{"href":"https:\/\/www.factoria-4-7.org\/fr\/wp-json\/wp\/v2\/media?parent=4495"}],"wp:term":[{"taxonomy":"category","embeddable":true,"href":"https:\/\/www.factoria-4-7.org\/fr\/wp-json\/wp\/v2\/categories?post=4495"},{"taxonomy":"post_tag","embeddable":true,"href":"https:\/\/www.factoria-4-7.org\/fr\/wp-json\/wp\/v2\/tags?post=4495"},{"taxonomy":"ods","embeddable":true,"href":"https:\/\/www.factoria-4-7.org\/fr\/wp-json\/wp\/v2\/ods?post=4495"}],"curies":[{"name":"wp","href":"https:\/\/api.w.org\/{rel}","templated":true}]}}