{"id":5268,"date":"2024-03-07T11:01:44","date_gmt":"2024-03-07T10:01:44","guid":{"rendered":"https:\/\/www.factoria-4-7.org\/?p=5268"},"modified":"2024-03-07T11:01:45","modified_gmt":"2024-03-07T10:01:45","slug":"artivismo-la-creatividad-como-herramienta-de-transformacion-social","status":"publish","type":"post","link":"https:\/\/www.factoria-4-7.org\/fr\/artivismo-la-creatividad-como-herramienta-de-transformacion-social\/","title":{"rendered":"Artivismo, la creatividad como herramienta de transformaci\u00f3n social"},"content":{"rendered":"\n<p>El taller sobre artivismo termina con una acci\u00f3n de guerrilla de la comunicaci\u00f3n el D\u00eda Mundial de la Educaci\u00f3n Ambiental. <\/p>\n\n\n\n<p>En un mundo saturado de informaci\u00f3n y est\u00edmulos,\u00a0<strong>la creatividad puede ser nuestra aliada para promover la reflexi\u00f3n y transformar la sociedad<\/strong>.<\/p>\n\n\n\n<p>El alumnado de la materia de Competencias Digitales del IES Valle Incl\u00e1n de Pontevedra particip\u00f3 en un taller centrado en el Artivismo como herramienta de transformaci\u00f3n social, impartido por nuestras socias de Agareso, ONGD especializada en comunicaci\u00f3n social. La actividad, financiada por la Secretar\u00eda de Estado para la Agenda 2030, se enmarca en el proyecto\u00a0<a href=\"https:\/\/futuroencomun.net\/\">Futuro en Com\u00fan.<\/a><\/p>\n\n\n\n<p>El taller comenz\u00f3 en noviembre de 2023 y consisti\u00f3 en tres sesiones formativas en las que el alumnado aprendi\u00f3 t\u00e9cnicas como la de\u00a0<strong>guerrilla de comunicaci\u00f3n<\/strong>\u00a0al mismo tiempo que se trabaj\u00f3 en valores como la justicia social, el cuidado del medio ambiente y la responsabilidad que como sociedad tenemos para construir un futuro m\u00e1s justo.<\/p>\n\n\n\n<p><a href=\"https:\/\/galiciasolidaria.org\/artivismo-a-creatividade-como-ferramenta-de-transformacion-social\/\">Artivismo, la creatividad como herramienta de transformaci\u00f3n social &#8211; Coordinadora Gallega de ONG para el Desarrollo (galiciasolidaria.org)<\/a><\/p>\n","protected":false},"excerpt":{"rendered":"<p>El taller sobre artivismo termina con una acci\u00f3n de guerrilla de la comunicaci\u00f3n el D\u00eda Mundial de la Educaci\u00f3n Ambiental. En un mundo saturado de informaci\u00f3n y est\u00edmulos,\u00a0la creatividad puede [&hellip;]<\/p>\n","protected":false},"author":6,"featured_media":5270,"comment_status":"closed","ping_status":"closed","sticky":false,"template":"","format":"standard","meta":{"_acf_changed":false,"footnotes":""},"categories":[1],"tags":[],"ods":[10,6],"class_list":["post-5268","post","type-post","status-publish","format-standard","has-post-thumbnail","hentry","category-sin-categorizar","ods-accion-clima","ods-alianzas-para-lograr-objetivos"],"acf":[],"_links":{"self":[{"href":"https:\/\/www.factoria-4-7.org\/fr\/wp-json\/wp\/v2\/posts\/5268","targetHints":{"allow":["GET"]}}],"collection":[{"href":"https:\/\/www.factoria-4-7.org\/fr\/wp-json\/wp\/v2\/posts"}],"about":[{"href":"https:\/\/www.factoria-4-7.org\/fr\/wp-json\/wp\/v2\/types\/post"}],"author":[{"embeddable":true,"href":"https:\/\/www.factoria-4-7.org\/fr\/wp-json\/wp\/v2\/users\/6"}],"replies":[{"embeddable":true,"href":"https:\/\/www.factoria-4-7.org\/fr\/wp-json\/wp\/v2\/comments?post=5268"}],"version-history":[{"count":1,"href":"https:\/\/www.factoria-4-7.org\/fr\/wp-json\/wp\/v2\/posts\/5268\/revisions"}],"predecessor-version":[{"id":5272,"href":"https:\/\/www.factoria-4-7.org\/fr\/wp-json\/wp\/v2\/posts\/5268\/revisions\/5272"}],"wp:featuredmedia":[{"embeddable":true,"href":"https:\/\/www.factoria-4-7.org\/fr\/wp-json\/wp\/v2\/media\/5270"}],"wp:attachment":[{"href":"https:\/\/www.factoria-4-7.org\/fr\/wp-json\/wp\/v2\/media?parent=5268"}],"wp:term":[{"taxonomy":"category","embeddable":true,"href":"https:\/\/www.factoria-4-7.org\/fr\/wp-json\/wp\/v2\/categories?post=5268"},{"taxonomy":"post_tag","embeddable":true,"href":"https:\/\/www.factoria-4-7.org\/fr\/wp-json\/wp\/v2\/tags?post=5268"},{"taxonomy":"ods","embeddable":true,"href":"https:\/\/www.factoria-4-7.org\/fr\/wp-json\/wp\/v2\/ods?post=5268"}],"curies":[{"name":"wp","href":"https:\/\/api.w.org\/{rel}","templated":true}]}}