{"id":16650,"global_id":"www.factoria-4-7.org\/gl\/?id=16650","global_id_lineage":["www.factoria-4-7.org\/gl\/?id=16650"],"author":"6","status":"publish","date":"2025-04-30 09:47:39","date_utc":"2025-04-30 07:47:39","modified":"2025-04-30 09:47:44","modified_utc":"2025-04-30 07:47:44","url":"https:\/\/www.factoria-4-7.org\/gl\/evento\/jornada-de-dialogo-multiagente-en-torno-a-la-meta-4-7\/","rest_url":"https:\/\/www.factoria-4-7.org\/gl\/wp-json\/tribe\/events\/v1\/events\/16650","title":"Jornada de Di\u00e1logo Multiagente en torno a la Meta 4.7","description":"<p><strong>El pr\u00f3ximo 16 de mayo de 9:30 a 19:00h tendr\u00e1 lugar en el\u00a0<a href=\"https:\/\/maps.app.goo.gl\/mVn8As718g6nXoTD9\" target=\"_blank\" rel=\"noopener\">Colegio Sant\u00edsima Trinidad Ikastetxea de Getxo<\/a><\/strong><strong>\u00a0la Jornada de di\u00e1logo multiagente en torno a la meta 4.7 organizada por el Regional Centre of Expertise (RCE) Basque Country-Navarre.<\/strong><\/p>\n<p>Es una convocatoria para agentes en educaci\u00f3n y\/o en desarrollo sostenible, incluyendo personas con responsabilidad pol\u00edtica en el \u00e1mbito local, profesionales, educadores\/as, j\u00f3venes, acad\u00e9micas\/os, ONGs, sector privado, medios de comunicaci\u00f3n y estudiantes, en particular del municipio de Getxo, pero abierta a toda la sociedad vasca y navarra.<\/p>\n<p>Partiendo de los 5 \u00e1mbitos de acci\u00f3n prioritarios del marco EDSpara2030 de la UNESCO, la JORNADA DE DI\u00c1LOGO MULTIAGENTE EN TORNO A LA META 4.7 pretende ser un espacio para que diversos agentes vascos y navarros, en particular del\u00a0<a href=\"https:\/\/www.factoria-4-7.org\/rce-basque-country-navarre\/\">RCE Basque Country-Navarre<\/a>, que trabajan en educaci\u00f3n para la sostenibilidad intercambien conocimientos, experiencias y reflexiones en materia de educaci\u00f3n para el desarrollo sostenible y estilos de vida sostenibles, derechos humanos, igualdad entre los g\u00e9neros, promoci\u00f3n de una cultura de paz y no violencia, ciudadan\u00eda mundial y valoraci\u00f3n de la diversidad cultural y de la contribuci\u00f3n de la cultura al desarrollo sostenible.<\/p>\n<p>La\u00a0jornada pretende contribuir al proyecto de\u00a0<a href=\"https:\/\/ecivis.eus\/2024\/11\/10\/topagune-getxo-2030-donde-los-ods-quieren-dejar-de-ser-snob\/\">Topagune Getxo 2030<\/a>\u00a0desde el \u00e1mbito de la educaci\u00f3n, convirtiendo a Getxo en un laboratorio de aterrizaje a nivel local de los objetivos de la meta 4.7. El objetivo es que la experiencia de Getxo se convierta en un ejemplo replicable y escalable a otros municipios de Euskal Herria, siendo esta la experiencia piloto.<\/p>","excerpt":"","slug":"jornada-de-dialogo-multiagente-en-torno-a-la-meta-4-7","image":{"url":"https:\/\/www.factoria-4-7.org\/wp-content\/uploads\/2025\/04\/IV-Asamblea-General-RCE-1-scaled.jpg","id":16651,"extension":"jpg","width":2560,"height":1152,"filesize":410899,"sizes":{"medium":{"width":300,"height":135,"mime-type":"image\/jpeg","filesize":48882,"url":"https:\/\/www.factoria-4-7.org\/wp-content\/uploads\/2025\/04\/IV-Asamblea-General-RCE-1-300x135.jpg"},"large":{"width":1024,"height":461,"mime-type":"image\/jpeg","filesize":116033,"url":"https:\/\/www.factoria-4-7.org\/wp-content\/uploads\/2025\/04\/IV-Asamblea-General-RCE-1-1024x461.jpg"},"thumbnail":{"width":150,"height":150,"mime-type":"image\/jpeg","filesize":45811,"url":"https:\/\/www.factoria-4-7.org\/wp-content\/uploads\/2025\/04\/IV-Asamblea-General-RCE-1-150x150.jpg"},"medium_large":{"width":768,"height":346,"mime-type":"image\/jpeg","filesize":85605,"url":"https:\/\/www.factoria-4-7.org\/wp-content\/uploads\/2025\/04\/IV-Asamblea-General-RCE-1-768x346.jpg"},"1536x1536":{"width":1536,"height":691,"mime-type":"image\/jpeg","filesize":196761,"url":"https:\/\/www.factoria-4-7.org\/wp-content\/uploads\/2025\/04\/IV-Asamblea-General-RCE-1-1536x691.jpg"},"2048x2048":{"width":2048,"height":922,"mime-type":"image\/jpeg","filesize":296154,"url":"https:\/\/www.factoria-4-7.org\/wp-content\/uploads\/2025\/04\/IV-Asamblea-General-RCE-1-2048x922.jpg"}},"original_image":"IV-Asamblea-General-RCE-1.jpg"},"all_day":false,"start_date":"2025-05-16 09:30:00","start_date_details":{"year":"2025","month":"05","day":"16","hour":"09","minutes":"30","seconds":"00"},"end_date":"2025-05-16 19:00:00","end_date_details":{"year":"2025","month":"05","day":"16","hour":"19","minutes":"00","seconds":"00"},"utc_start_date":"2025-05-16 07:30:00","utc_start_date_details":{"year":"2025","month":"05","day":"16","hour":"07","minutes":"30","seconds":"00"},"utc_end_date":"2025-05-16 17:00:00","utc_end_date_details":{"year":"2025","month":"05","day":"16","hour":"17","minutes":"00","seconds":"00"},"timezone":"Europe\/Madrid","timezone_abbr":"CEST","cost":"","cost_details":{"currency_symbol":"\u20ac","currency_code":"EUR","currency_position":"suffix","values":[]},"website":"https:\/\/unetxea.org\/jornada-de-dialogo-multiagente-en-torno-a-la-meta-4-7\/","show_map":true,"show_map_link":true,"hide_from_listings":false,"sticky":true,"featured":true,"categories":[],"tags":[],"venue":{"id":16654,"author":"6","status":"publish","date":"2025-04-30 09:47:41","date_utc":"2025-04-30 07:47:41","modified":"2025-04-30 09:47:41","modified_utc":"2025-04-30 07:47:41","url":"https:\/\/www.factoria-4-7.org\/recinto\/colegio-santisima-trinidad-ikastetxea\/","venue":"Colegio Sant\u00edsima Trinidad Ikastetxea","slug":"colegio-santisima-trinidad-ikastetxea","address":"C\/ Algortako Etorbidea, 108","city":"Getxo","country":"Spain","zip":"48991","phone":"94 491 10 85","website":"https:\/\/algorta.trinitarias.net\/","json_ld":{"@type":"Place","name":"Colegio Sant\u00edsima Trinidad Ikastetxea","description":"","url":"","address":{"@type":"PostalAddress","streetAddress":"C\/ Algortako Etorbidea, 108","addressLocality":"Getxo","postalCode":"48991","addressCountry":"Spain"},"telephone":"94 491 10 85","sameAs":"https:\/\/algorta.trinitarias.net\/"},"show_map":true,"show_map_link":true,"global_id":"www.factoria-4-7.org\/gl\/?id=16654","global_id_lineage":["www.factoria-4-7.org\/gl\/?id=16654"]},"organizer":[{"id":3709,"author":"6","status":"publish","date":"2023-05-12 10:46:12","date_utc":"2023-05-12 10:46:12","modified":"2023-05-12 10:46:12","modified_utc":"2023-05-12 10:46:12","url":"https:\/\/www.factoria-4-7.org\/protagonista\/un-etxea-asociacion-del-pais-vasco-para-la-unesco\/","organizer":"UN Etxea &#8211; Asociaci\u00f3n del Pa\u00eds Vasco para la UNESCO","slug":"un-etxea-asociacion-del-pais-vasco-para-la-unesco","phone":"944276432","website":"https:\/\/www.unetxea.org\/","email":"info@unetxea.org","json_ld":{"@type":"Person","name":"UN Etxea &#8211; Asociaci\u00f3n del Pa\u00eds Vasco para la UNESCO","description":"","url":"https:\/\/www.unetxea.org\/","telephone":"944276432","email":"&#105;&#110;fo&#64;u&#110;&#101;&#116;&#120;ea&#46;or&#103;","sameAs":"https:\/\/www.unetxea.org\/"},"global_id":"www.factoria-4-7.org\/gl\/?id=3709","global_id_lineage":["www.factoria-4-7.org\/gl\/?id=3709"]}],"custom_fields":[],"json_ld":{"@context":"http:\/\/schema.org","@type":"Event","name":"Jornada de Di\u00e1logo Multiagente en torno a la Meta 4.7","description":"&lt;p&gt;El pr\u00f3ximo 16 de mayo de 9:30 a 19:00h tendr\u00e1 lugar en el\u00a0Colegio Sant\u00edsima Trinidad Ikastetxea de Getxo\u00a0la Jornada de di\u00e1logo multiagente en torno a la meta 4.7 organizada por [&hellip;]&lt;\/p&gt;\\n","image":"https:\/\/www.factoria-4-7.org\/wp-content\/uploads\/2025\/04\/IV-Asamblea-General-RCE-1-scaled.jpg","url":"https:\/\/www.factoria-4-7.org\/gl\/evento\/jornada-de-dialogo-multiagente-en-torno-a-la-meta-4-7\/","eventAttendanceMode":"https:\/\/schema.org\/OfflineEventAttendanceMode","eventStatus":"https:\/\/schema.org\/EventScheduled","startDate":"2025-05-16T09:30:00+02:00","endDate":"2025-05-16T19:00:00+02:00","location":{"@type":"Place","name":"Colegio Sant\u00edsima Trinidad Ikastetxea","description":"","url":"","address":{"@type":"PostalAddress","streetAddress":"C\/ Algortako Etorbidea, 108","addressLocality":"Getxo","postalCode":"48991","addressCountry":"Spain"},"telephone":"94 491 10 85","sameAs":"https:\/\/algorta.trinitarias.net\/"},"organizer":{"@type":"Person","name":"UN Etxea &#8211; Asociaci\u00f3n del Pa\u00eds Vasco para la UNESCO","description":"","url":"https:\/\/www.unetxea.org\/","telephone":"944276432","email":"i&#110;&#102;&#111;&#64;un&#101;tx&#101;a&#46;org","sameAs":"https:\/\/www.unetxea.org\/"},"performer":"Organization"}}