{"id":27126,"date":"2024-02-22T11:45:47","date_gmt":"2024-02-22T10:45:47","guid":{"rendered":"https:\/\/www.factoria-4-7.org\/dia-internacional-da-lingua-materna-2024\/"},"modified":"2025-12-10T11:31:12","modified_gmt":"2025-12-10T10:31:12","slug":"dia-internacional-da-lingua-materna-2024","status":"publish","type":"post","link":"https:\/\/www.factoria-4-7.org\/gl\/dia-internacional-da-lingua-materna-2024\/","title":{"rendered":"D\u00eda Internacional da Lingua Materna 2024"},"content":{"rendered":"\n<p>A C\u00e1tedra UNESCO de Patrimonio Ling\u00fc\u00edstico Mundial da UPV e a Corporaci\u00f3 Catalana de Mitjans Audiovisuals crearon, mediante un acordo de colaboraci\u00f3n, unha serie de animaci\u00f3ns baseadas en contos populares, en catal\u00e1n e \u00e9uscaro. <\/p>\n\n<p>O 21 de febreiro, D\u00eda Internacional da Lingua Materna, tivo lugar a presentaci\u00f3n oficial do proxecto. No seu sitio web:<\/p>\n\n<p><a href=\"https:\/\/www.ehu.eus\/eu\/web\/mho-unesco-katedra\/ama-hizkuntzaren-nazioarteko-eguna-2024\">https:\/\/www.ehu.eus\/eu\/web\/mho-unesco-katedra\/ama-hizkuntzaren-nazioarteko-eguna-2024<\/a><\/p>\n\n<p>encontraredes as animaci\u00f3ns e m\u00e1is informaci\u00f3n sobre o proxecto.<\/p>\n","protected":false},"excerpt":{"rendered":"<p>A C\u00e1tedra UNESCO de Patrimonio Ling\u00fc\u00edstico Mundial da UPV e a Corporaci\u00f3 Catalana de Mitjans Audiovisuals crearon, mediante un acordo de colaboraci\u00f3n, unha serie de animaci\u00f3ns baseadas en contos populares, [&hellip;]<\/p>\n","protected":false},"author":6,"featured_media":26839,"comment_status":"closed","ping_status":"closed","sticky":false,"template":"","format":"standard","meta":{"_acf_changed":false,"footnotes":""},"categories":[145],"tags":[],"ods":[],"class_list":["post-27126","post","type-post","status-publish","format-standard","has-post-thumbnail","hentry","category-sin-categoria"],"acf":[],"_links":{"self":[{"href":"https:\/\/www.factoria-4-7.org\/gl\/wp-json\/wp\/v2\/posts\/27126","targetHints":{"allow":["GET"]}}],"collection":[{"href":"https:\/\/www.factoria-4-7.org\/gl\/wp-json\/wp\/v2\/posts"}],"about":[{"href":"https:\/\/www.factoria-4-7.org\/gl\/wp-json\/wp\/v2\/types\/post"}],"author":[{"embeddable":true,"href":"https:\/\/www.factoria-4-7.org\/gl\/wp-json\/wp\/v2\/users\/6"}],"replies":[{"embeddable":true,"href":"https:\/\/www.factoria-4-7.org\/gl\/wp-json\/wp\/v2\/comments?post=27126"}],"version-history":[{"count":1,"href":"https:\/\/www.factoria-4-7.org\/gl\/wp-json\/wp\/v2\/posts\/27126\/revisions"}],"predecessor-version":[{"id":27128,"href":"https:\/\/www.factoria-4-7.org\/gl\/wp-json\/wp\/v2\/posts\/27126\/revisions\/27128"}],"wp:featuredmedia":[{"embeddable":true,"href":"https:\/\/www.factoria-4-7.org\/gl\/wp-json\/wp\/v2\/media\/26839"}],"wp:attachment":[{"href":"https:\/\/www.factoria-4-7.org\/gl\/wp-json\/wp\/v2\/media?parent=27126"}],"wp:term":[{"taxonomy":"category","embeddable":true,"href":"https:\/\/www.factoria-4-7.org\/gl\/wp-json\/wp\/v2\/categories?post=27126"},{"taxonomy":"post_tag","embeddable":true,"href":"https:\/\/www.factoria-4-7.org\/gl\/wp-json\/wp\/v2\/tags?post=27126"},{"taxonomy":"ods","embeddable":true,"href":"https:\/\/www.factoria-4-7.org\/gl\/wp-json\/wp\/v2\/ods?post=27126"}],"curies":[{"name":"wp","href":"https:\/\/api.w.org\/{rel}","templated":true}]}}