{"id":27129,"date":"2024-03-07T11:01:44","date_gmt":"2024-03-07T10:01:44","guid":{"rendered":"https:\/\/www.factoria-4-7.org\/artivismo-a-creatividade-como-ferramenta-para-a-transformacion-social\/"},"modified":"2025-12-10T11:31:12","modified_gmt":"2025-12-10T10:31:12","slug":"artivismo-a-creatividade-como-ferramenta-para-a-transformacion-social","status":"publish","type":"post","link":"https:\/\/www.factoria-4-7.org\/gl\/artivismo-a-creatividade-como-ferramenta-para-a-transformacion-social\/","title":{"rendered":"Artivismo, a creatividade como ferramenta para a transformaci\u00f3n social"},"content":{"rendered":"\n<p>O obradoiro sobre artivismo termina cunha acci\u00f3n de guerrilla da comunicaci\u00f3n no D\u00eda Mundial da Educaci\u00f3n Ambiental. <\/p>\n\n<p>Nun mundo saturado de informaci\u00f3n e est\u00edmulos, <strong>a creatividade pode ser a nosa aliada para promovermos a reflexi\u00f3n e transformarmos a sociedade<\/strong>.<\/p>\n\n<p>O alumnado da materia de Competencias Dixitais do IES Valle Incl\u00e1n de Pontevedra participou nun obradoiro centrado no Artivismo como ferramenta para a transformaci\u00f3n social, impartido polas nosas socias de Agareso, unha ONGD especializada en comunicaci\u00f3n social. A actividade, financiada pola Secretar\u00eda de Estado para la Agenda 2030, enc\u00e1drase no proxecto\u00a0<a href=\"https:\/\/futuroencomun.net\/\">Futuro en Com\u00fan.<\/a><\/p>\n\n<p>O obradoiro comezou en novembro de 2023 e consistiu en tres sesi\u00f3ns de formaci\u00f3n en que o alumnado aprendeu t\u00e9cnicas como a da <strong>guerrilla de comunicaci\u00f3n<\/strong> ao mesmo tempo que traballou sobre valores coma a xustiza social, o coidado do medio ambiente e a responsabilidade que temos como sociedade de constru\u00edrmos un futuro m\u00e1is xusto.<\/p>\n\n<p><a href=\"https:\/\/galiciasolidaria.org\/artivismo-a-creatividade-como-ferramenta-de-transformacion-social\/\">Artivismo, a creatividade como ferramenta de transformaci\u00f3n social &#8211; Coordinadora Galega de ONG para o Desenvolvemento (galiciasolidaria.org)<\/a><\/p>\n","protected":false},"excerpt":{"rendered":"<p>O obradoiro sobre artivismo termina cunha acci\u00f3n de guerrilla da comunicaci\u00f3n no D\u00eda Mundial da Educaci\u00f3n Ambiental. Nun mundo saturado de informaci\u00f3n e est\u00edmulos, a creatividade pode ser a nosa [&hellip;]<\/p>\n","protected":false},"author":6,"featured_media":26840,"comment_status":"closed","ping_status":"closed","sticky":false,"template":"","format":"standard","meta":{"_acf_changed":false,"footnotes":""},"categories":[145],"tags":[],"ods":[],"class_list":["post-27129","post","type-post","status-publish","format-standard","has-post-thumbnail","hentry","category-sin-categoria"],"acf":[],"_links":{"self":[{"href":"https:\/\/www.factoria-4-7.org\/gl\/wp-json\/wp\/v2\/posts\/27129","targetHints":{"allow":["GET"]}}],"collection":[{"href":"https:\/\/www.factoria-4-7.org\/gl\/wp-json\/wp\/v2\/posts"}],"about":[{"href":"https:\/\/www.factoria-4-7.org\/gl\/wp-json\/wp\/v2\/types\/post"}],"author":[{"embeddable":true,"href":"https:\/\/www.factoria-4-7.org\/gl\/wp-json\/wp\/v2\/users\/6"}],"replies":[{"embeddable":true,"href":"https:\/\/www.factoria-4-7.org\/gl\/wp-json\/wp\/v2\/comments?post=27129"}],"version-history":[{"count":1,"href":"https:\/\/www.factoria-4-7.org\/gl\/wp-json\/wp\/v2\/posts\/27129\/revisions"}],"predecessor-version":[{"id":27130,"href":"https:\/\/www.factoria-4-7.org\/gl\/wp-json\/wp\/v2\/posts\/27129\/revisions\/27130"}],"wp:featuredmedia":[{"embeddable":true,"href":"https:\/\/www.factoria-4-7.org\/gl\/wp-json\/wp\/v2\/media\/26840"}],"wp:attachment":[{"href":"https:\/\/www.factoria-4-7.org\/gl\/wp-json\/wp\/v2\/media?parent=27129"}],"wp:term":[{"taxonomy":"category","embeddable":true,"href":"https:\/\/www.factoria-4-7.org\/gl\/wp-json\/wp\/v2\/categories?post=27129"},{"taxonomy":"post_tag","embeddable":true,"href":"https:\/\/www.factoria-4-7.org\/gl\/wp-json\/wp\/v2\/tags?post=27129"},{"taxonomy":"ods","embeddable":true,"href":"https:\/\/www.factoria-4-7.org\/gl\/wp-json\/wp\/v2\/ods?post=27129"}],"curies":[{"name":"wp","href":"https:\/\/api.w.org\/{rel}","templated":true}]}}