{"id":27137,"date":"2023-04-27T08:50:31","date_gmt":"2023-04-27T06:50:31","guid":{"rendered":"https:\/\/www.factoria-4-7.org\/presentado-o-documento-a-situacion-actual-da-educacion-para-o-desenvolvemento-sostible-e-a-educacion-para-a-cidadania-mundial\/"},"modified":"2025-12-10T11:31:12","modified_gmt":"2025-12-10T10:31:12","slug":"presentado-o-documento-a-situacion-actual-da-educacion-para-o-desenvolvemento-sostible-e-a-educacion-para-a-cidadania-mundial","status":"publish","type":"post","link":"https:\/\/www.factoria-4-7.org\/gl\/presentado-o-documento-a-situacion-actual-da-educacion-para-o-desenvolvemento-sostible-e-a-educacion-para-a-cidadania-mundial\/","title":{"rendered":"Presentado o documento &#8220;A situaci\u00f3n actual da educaci\u00f3n para o desenvolvemento sostible e a educaci\u00f3n para a cidadan\u00eda mundial&#8221;"},"content":{"rendered":"\n<p>Conclusi\u00f3ns da s\u00e9tima consulta sobre a aplicaci\u00f3n da Recomendaci\u00f3n sobre a Educaci\u00f3n para a Comprensi\u00f3n, a Cooperaci\u00f3n e a Paz Internacionais, e a Educaci\u00f3n relativa aos Dereitos Humanos e as Liberdades Fundamentais (1974)<\/p>\n\n<p><\/p>\n\n<ol class=\"wp-block-list\">\n<li>Case todos os pa\u00edses indican que a educaci\u00f3n para o desenvolvemento sostible<br\/>(EDS) e a educaci\u00f3n para a cidadan\u00eda mundial (ECM) se reflicten nas leis e pol\u00edticas nacionais de educaci\u00f3n, nos plans de estudos, na formaci\u00f3n de docentes e na avaliaci\u00f3n dos alumnos.<\/li>\n\n\n\n<li>A EDS e a ECM refl\u00edctense con bastante menos frecuencia no ensino e na formaci\u00f3n t\u00e9cnica e profesional (EFTP), ou na educaci\u00f3n de adultos.<\/li>\n\n\n\n<li>Os temas relacionados coa aprendizaxe da convivencia refl\u00edctense<br\/>con m\u00e1is frecuencia nas leis e pol\u00edticas ca os relacionadas coa aprendizaxe sobre estilos de vida sostibles.<\/li>\n\n\n\n<li>A educaci\u00f3n sobre o cambio clim\u00e1tico e o consumo e a produci\u00f3n sostibles refl\u00edctese con menos frecuencia ca outros temas nos curr\u00edculos e na formaci\u00f3n de docentes, respectivamente.<\/li>\n\n\n\n<li>A EDS e a ECM refl\u00edctense con maior frecuencia na educaci\u00f3n primaria e secundaria, e con menor frecuencia na educaci\u00f3n preescolar.<\/li>\n\n\n\n<li>Na educaci\u00f3n primaria e secundaria, os temas relacionados coa aprendizaxe da convivencia ab\u00f3rdanse con maior frecuencia nas materias de ciencias sociais, \u00e9tica e educaci\u00f3n c\u00edvica. Os temas relacionados coa aprendizaxe sobre estilos de vida sostibles ab\u00f3rdanse con maior frecuencia nas materias de ciencias, ciencias sociais, xeograf\u00eda e educaci\u00f3n c\u00edvica.<\/li>\n\n\n\n<li>Os pa\u00edses indican que o profesorado ten formaci\u00f3n en EDS e ECM.<\/li>\n\n\n\n<li>A EDS e a ECM acostuman inclu\u00edrse na formaci\u00f3n de docentes e en<br\/>avaliaci\u00f3ns do alumnado, a\u00ednda que a avaliaci\u00f3n dos valores,<br\/>as actitudes e os comportamentos \u00e9 menos habitual ca a dos co\u00f1ecementos e as competencias.<\/li>\n\n\n\n<li>O apoio p\u00fablico \u00e1 investigaci\u00f3n sobre EDS e ECM \u00e9 limitado.<\/li>\n\n\n\n<li>Os pa\u00edses est\u00e1n a tomar algunhas medidas para promoveren a cooperaci\u00f3n internacional en materia de EDS e ECM.<\/li>\n<\/ol>\n\n<p><\/p>\n\n<div class=\"wp-block-buttons is-layout-flex wp-block-buttons-is-layout-flex\">\n<div class=\"wp-block-button\"><a class=\"wp-block-button__link wp-element-button\" href=\"https:\/\/www.factoria-4-7.org\/wp-content\/uploads\/2023\/04\/La-Situacion-Actual-De-La-Educacion-Para-El-Desarrollo-Sostenible-y-La-Educacion-Para-La-Ciudadania-Mundial.pdf\" target=\"_blank\" rel=\"noreferrer noopener\">Ver informe completo<\/a><\/div>\n<\/div>\n","protected":false},"excerpt":{"rendered":"<p>Conclusi\u00f3ns da s\u00e9tima consulta sobre a aplicaci\u00f3n da Recomendaci\u00f3n sobre a Educaci\u00f3n para a Comprensi\u00f3n, a Cooperaci\u00f3n e a Paz Internacionais, e a Educaci\u00f3n relativa aos Dereitos Humanos e as [&hellip;]<\/p>\n","protected":false},"author":5,"featured_media":26843,"comment_status":"closed","ping_status":"closed","sticky":false,"template":"","format":"standard","meta":{"_acf_changed":false,"footnotes":""},"categories":[1],"tags":[],"ods":[],"class_list":["post-27137","post","type-post","status-publish","format-standard","has-post-thumbnail","hentry","category-sin-categorizar"],"acf":[],"_links":{"self":[{"href":"https:\/\/www.factoria-4-7.org\/gl\/wp-json\/wp\/v2\/posts\/27137","targetHints":{"allow":["GET"]}}],"collection":[{"href":"https:\/\/www.factoria-4-7.org\/gl\/wp-json\/wp\/v2\/posts"}],"about":[{"href":"https:\/\/www.factoria-4-7.org\/gl\/wp-json\/wp\/v2\/types\/post"}],"author":[{"embeddable":true,"href":"https:\/\/www.factoria-4-7.org\/gl\/wp-json\/wp\/v2\/users\/5"}],"replies":[{"embeddable":true,"href":"https:\/\/www.factoria-4-7.org\/gl\/wp-json\/wp\/v2\/comments?post=27137"}],"version-history":[{"count":1,"href":"https:\/\/www.factoria-4-7.org\/gl\/wp-json\/wp\/v2\/posts\/27137\/revisions"}],"predecessor-version":[{"id":27138,"href":"https:\/\/www.factoria-4-7.org\/gl\/wp-json\/wp\/v2\/posts\/27137\/revisions\/27138"}],"wp:featuredmedia":[{"embeddable":true,"href":"https:\/\/www.factoria-4-7.org\/gl\/wp-json\/wp\/v2\/media\/26843"}],"wp:attachment":[{"href":"https:\/\/www.factoria-4-7.org\/gl\/wp-json\/wp\/v2\/media?parent=27137"}],"wp:term":[{"taxonomy":"category","embeddable":true,"href":"https:\/\/www.factoria-4-7.org\/gl\/wp-json\/wp\/v2\/categories?post=27137"},{"taxonomy":"post_tag","embeddable":true,"href":"https:\/\/www.factoria-4-7.org\/gl\/wp-json\/wp\/v2\/tags?post=27137"},{"taxonomy":"ods","embeddable":true,"href":"https:\/\/www.factoria-4-7.org\/gl\/wp-json\/wp\/v2\/ods?post=27137"}],"curies":[{"name":"wp","href":"https:\/\/api.w.org\/{rel}","templated":true}]}}