{"id":27145,"date":"2023-02-09T10:13:20","date_gmt":"2023-02-09T09:13:20","guid":{"rendered":"https:\/\/www.factoria-4-7.org\/guia-de-acompanamento-ao-profesorado-de-bizkaia-por-las-diversidades\/"},"modified":"2025-12-10T11:31:13","modified_gmt":"2025-12-10T10:31:13","slug":"guia-de-acompanamento-ao-profesorado-de-bizkaia-por-las-diversidades","status":"publish","type":"post","link":"https:\/\/www.factoria-4-7.org\/gl\/guia-de-acompanamento-ao-profesorado-de-bizkaia-por-las-diversidades\/","title":{"rendered":"Gu\u00eda de acompa\u00f1amento ao profesorado de Bizkaia por las diversidades"},"content":{"rendered":"\n<p><em>Bizkaia por las diversidades<\/em> \u00e9 un proxecto promovido por UN Etxea \u2013 Asociaci\u00f3n del Pa\u00eds Vasco para la UNESCO co obxectivo de valorizar persoas e organizaci\u00f3ns que velan cada d\u00eda pola diversidade en todas as s\u00faas formas, desde un enfoque dos dereitos humanos como fonte de desenvolvemento sostible e a promoci\u00f3n dos valores da igualdade, a convivencia e a paz.<\/p>\n\n<p>O proxecto foi transform\u00e1ndose desde os seus inicios, intervindo en diferentes municipios de Biscaia coma Basauri, Getxo e Portugalete, e adaptando as s\u00faas metodolox\u00edas \u00e1s novas realidades. Desde 2021, unha das apostas do proxecto \u00e9 achegar as diversidades \u2014m\u00e1is concretamente a diversidade cultural, sexual e funcional\u2014 aos centros educativos.<\/p>\n\n<p>A Axenda 2030 para o Desenvolvemento Sostible das Naci\u00f3ns Unidas sit\u00faa as persoas m\u00e1is novas como axentes fundamentais do cambio e a educaci\u00f3n como ferramenta impulsora do pensamento cr\u00edtico e emancipador que dea respostas \u00e1s crises sociais, ambientais e econ\u00f3micas actuais.<\/p>\n\n<p>Neste contexto, este ano 2022, al\u00e9n de continuarmos a traballar nas aulas, elaboramos a seguinte\u00a0<strong>Gu\u00eda de acompa\u00f1amiento al profesorado<\/strong>\u00a0en que se poden encontrar diferentes recursos para que calquera profesor ou educador\/a poida traballar no proxecto nas s\u00faas aulas ou con grupos de mozos\/s.<\/p>\n","protected":false},"excerpt":{"rendered":"<p>Bizkaia por las diversidades \u00e9 un proxecto promovido por UN Etxea \u2013 Asociaci\u00f3n del Pa\u00eds Vasco para la UNESCO co obxectivo de valorizar persoas e organizaci\u00f3ns que velan cada d\u00eda [&hellip;]<\/p>\n","protected":false},"author":5,"featured_media":26846,"comment_status":"closed","ping_status":"","sticky":false,"template":"","format":"standard","meta":{"_acf_changed":false,"footnotes":""},"categories":[145],"tags":[],"ods":[],"class_list":["post-27145","post","type-post","status-publish","format-standard","has-post-thumbnail","hentry","category-sin-categoria"],"acf":[],"_links":{"self":[{"href":"https:\/\/www.factoria-4-7.org\/gl\/wp-json\/wp\/v2\/posts\/27145","targetHints":{"allow":["GET"]}}],"collection":[{"href":"https:\/\/www.factoria-4-7.org\/gl\/wp-json\/wp\/v2\/posts"}],"about":[{"href":"https:\/\/www.factoria-4-7.org\/gl\/wp-json\/wp\/v2\/types\/post"}],"author":[{"embeddable":true,"href":"https:\/\/www.factoria-4-7.org\/gl\/wp-json\/wp\/v2\/users\/5"}],"replies":[{"embeddable":true,"href":"https:\/\/www.factoria-4-7.org\/gl\/wp-json\/wp\/v2\/comments?post=27145"}],"version-history":[{"count":1,"href":"https:\/\/www.factoria-4-7.org\/gl\/wp-json\/wp\/v2\/posts\/27145\/revisions"}],"predecessor-version":[{"id":27146,"href":"https:\/\/www.factoria-4-7.org\/gl\/wp-json\/wp\/v2\/posts\/27145\/revisions\/27146"}],"wp:featuredmedia":[{"embeddable":true,"href":"https:\/\/www.factoria-4-7.org\/gl\/wp-json\/wp\/v2\/media\/26846"}],"wp:attachment":[{"href":"https:\/\/www.factoria-4-7.org\/gl\/wp-json\/wp\/v2\/media?parent=27145"}],"wp:term":[{"taxonomy":"category","embeddable":true,"href":"https:\/\/www.factoria-4-7.org\/gl\/wp-json\/wp\/v2\/categories?post=27145"},{"taxonomy":"post_tag","embeddable":true,"href":"https:\/\/www.factoria-4-7.org\/gl\/wp-json\/wp\/v2\/tags?post=27145"},{"taxonomy":"ods","embeddable":true,"href":"https:\/\/www.factoria-4-7.org\/gl\/wp-json\/wp\/v2\/ods?post=27145"}],"curies":[{"name":"wp","href":"https:\/\/api.w.org\/{rel}","templated":true}]}}