{"id":27210,"date":"2023-07-06T14:26:33","date_gmt":"2023-07-06T12:26:33","guid":{"rendered":"https:\/\/www.factoria-4-7.org\/i-encontro-plenario-do-movemento-4-7\/"},"modified":"2025-12-10T11:31:41","modified_gmt":"2025-12-10T10:31:41","slug":"i-encontro-plenario-do-movemento-4-7","status":"publish","type":"post","link":"https:\/\/www.factoria-4-7.org\/gl\/i-encontro-plenario-do-movemento-4-7\/","title":{"rendered":"I Encontro Plenario do Movemento 4.7"},"content":{"rendered":"\n<p>O martes 4 de xullo celebrouse o I <strong>Encontro Plenario do Movemento 4.7<\/strong> no espazo Ecooo en Madrid. Nel, reun\u00edronse m\u00e1is de 19 entidades para traballar xuntas no seguimento da meta 4.7 dos ODS na axenda p\u00fablica e destacar as\u00ed a importancia da Educaci\u00f3n para o Desenvolvemento Sostible e a Cidadan\u00eda Global.<\/p>\n\n<p>O Movemento 4.7, que contou desde o seu inicio co apoio da Agencia Espa\u00f1ola de Cooperaci\u00f3n Internacional (AECID), \u00e9 impulsado por un consorcio formado por\u00a0<a href=\"https:\/\/www.alboan.org\/es\">Alboan<\/a>,\u00a0<a href=\"https:\/\/www.entreculturas.org\/es\/home\">Entreculturas<\/a>,\u00a0<a href=\"https:\/\/intered.org\/es\">Intered<\/a>\u00a0e\u00a0<a href=\"https:\/\/ongawa.org\/\">ONGAWA<\/a>. O equipo t\u00e9cnico destas organizaci\u00f3ns encargouse de coordinar e facilitar a xornada, participando tam\u00e9n como entidades que pola s\u00faa vez forman parte do Movemento.\u00a0<\/p>\n\n<p>Para este evento foron convocadas\u00a0<strong>as persoas e entidades adheridas, sumando m\u00e1is da metade das organizaci\u00f3ns que actualmente forman parte do Movemento 4.7, as\u00ed como outras entidades colaboradoras ou interesadas no traballo que se est\u00e1 a realizar.\u00a0\u00a0<\/strong>Entre elas, destacamos a presenza da <a href=\"https:\/\/www.kaidara.org\/quienes-somos\/\">Red de Educadores y Educadoras para la Ciudadan\u00eda Global<\/a>, a\u00a0<a href=\"https:\/\/coordinadoraongd.org\/\">Coordinadora de ONG para el Desarrollo<\/a>\u00a0e\u00a0<a href=\"https:\/\/www.congdnavarra.org\/\">Coordinadora de ONGD de Navarra<\/a>,\u00a0<a href=\"https:\/\/spain.ashoka.org\/\">Ashoka<\/a>,\u00a0<a href=\"https:\/\/aspa-andalucia.org\/\">ASPA<\/a>,\u00a0<a href=\"https:\/\/dfcspain.org\/\">Design for Change<\/a>,\u00a0<a href=\"https:\/\/www.egibide.org\/\">EGIBIDE<\/a>,\u00a0\u00a0<a href=\"https:\/\/fad.es\/\">FAD Juventud<\/a>,\u00a0<a href=\"https:\/\/www.fisc-ongd.org\/\">FISC ONGD<\/a>,\u00a0<a href=\"https:\/\/kubbo.org\/\">Kubbo<\/a>,\u00a0<a href=\"https:\/\/www.madrecoraje.org\/\">Asociaci\u00f3n Madre Coraje<\/a>,\u00a0<a href=\"https:\/\/mainel.org\/\">Fundaci\u00f3n Mainel<\/a>,\u00a0<a href=\"https:\/\/onay.org\/\">Onay<\/a>\u00a0e<a href=\"https:\/\/unetxea.org\/\">UN Etxea<\/a>.\u00a0 O mundo acad\u00e9mico tam\u00e9n participou, co apoio da Universidad Camilo Jos\u00e9 Cela e da Universidad de Sevilla.\u00a0<\/p>\n\n<figure class=\"wp-block-image size-large\"><img loading=\"lazy\" decoding=\"async\" width=\"1024\" height=\"768\" src=\"https:\/\/www.factoria-4-7.org\/wp-content\/uploads\/2023\/07\/I-Encuentro-Plenario-Movimiento-4.7-9-1024x768.jpeg\" alt=\"\" class=\"wp-image-4342\" srcset=\"https:\/\/www.factoria-4-7.org\/wp-content\/uploads\/2023\/07\/I-Encuentro-Plenario-Movimiento-4.7-9-1024x768.jpeg 1024w, https:\/\/www.factoria-4-7.org\/wp-content\/uploads\/2023\/07\/I-Encuentro-Plenario-Movimiento-4.7-9-300x225.jpeg 300w, https:\/\/www.factoria-4-7.org\/wp-content\/uploads\/2023\/07\/I-Encuentro-Plenario-Movimiento-4.7-9-768x576.jpeg 768w, https:\/\/www.factoria-4-7.org\/wp-content\/uploads\/2023\/07\/I-Encuentro-Plenario-Movimiento-4.7-9-1536x1152.jpeg 1536w, https:\/\/www.factoria-4-7.org\/wp-content\/uploads\/2023\/07\/I-Encuentro-Plenario-Movimiento-4.7-9.jpeg 1600w\" sizes=\"auto, (max-width: 1024px) 100vw, 1024px\" \/><\/figure>\n\n<p>En concreto, o obxectivo da sesi\u00f3n foi reflexionar e compartir o traballo realizado ata o momento, e establecer as principais li\u00f1as de acci\u00f3n para o futuro pr\u00f3ximo, as\u00ed como unha estrutura de traballo organizada e com\u00fan.\u00a0<\/p>\n\n<p>Na sesi\u00f3n da ma\u00f1\u00e1, traballouse sobre a visi\u00f3n do Movemento 4.7 a trav\u00e9s dunha metodolox\u00eda participativa, recompilando e avaliando o traballo realizado, as\u00ed como analizando o contexto para identificar oportunidades e desaf\u00edos. Desta reflexi\u00f3n xurdiron as principais li\u00f1as de acci\u00f3n para o futuro m\u00e1is pr\u00f3ximo:\u00a0<\/p>\n\n<ul class=\"wp-block-list\">\n<li>Necesidade de\u00a0<strong>aumentar a participaci\u00f3n dos actores da comunidade educativa<\/strong>\u00a0(centros, profesorado e alumnado, familias). O obxectivo \u00e9 promover e incorporar procesos inclusivos que sit\u00faen a comunidade educativa no centro a trav\u00e9s de propostas, iniciativas e procesos de formaci\u00f3n que desenvolvan as competencias necesarias para xerar unha cidadan\u00eda global.<\/li>\n\n\n\n<li><strong>Comunicaci\u00f3n e incidencia\u00a0<\/strong>ante administraci\u00f3ns p\u00fablicas e os responsables da toma de decisi\u00f3ns para\u00a0<strong>pasar da vontade pol\u00edtica ao compromiso pol\u00edtico<\/strong>\u00a0no cumprimento da meta 4.7. Pasar dun proceso de incidencia individualizado desde organizaci\u00f3ns a un conxunto como movemento articulado da sociedade civil.\u00a0<\/li>\n\n\n\n<li>Proxecci\u00f3n do que facemos ante a cidadan\u00eda para\u00a0<strong>transmitir o valor da Educaci\u00f3n para o Desenvolvemento Sostible e a Cidadan\u00eda Global<\/strong>. Xerar espazos de di\u00e1logo e propostas que sexan intersectoriais, pero tam\u00e9n interxeracionais, escoitar activamente e comprometernos coa conversa sobre a Educaci\u00f3n para o Desenvolvemento al\u00e1 onde se dea, participar nos foros m\u00e1is relevantes, no maior n\u00famero de espazos posibles e cos m\u00e1is diversos interlocutores.<\/li>\n<\/ul>\n\n<p>As conclusi\u00f3ns deste exercicio contrast\u00e1ronse co Manifesto do Movemento 4.7, folla de ruta com\u00fan e compartida, e principal elemento da incidencia pol\u00edtica do mesmo.\u00a0<\/p>\n\n<p>Na sesi\u00f3n da tarde, trat\u00e1ronse cuesti\u00f3ns organizativas internas do Movemento 4.7, propo\u00f1\u00e9ndose os primeiros pasos e acordos para implementar <strong>unha estrutura de traballo organizada e un sistema de toma de decisi\u00f3ns compartido<\/strong>. Finalmente, realizouse un obradoiro centrado en storytelling en que as persoas participantes compartiron ideas sobre\u00a0<strong>como comunicar que \u00e9 e que fai o Movemento 4.7<\/strong>, co obxectivo de amplificar a s\u00faa mensaxe e chegar a sumar unha maior participaci\u00f3n.\u00a0<\/p>\n\n<p>O grupo acordou reunirse de novo despois das vacaci\u00f3ns para continuar as actividades en curso, concretar a estrutura organizativa e abrir novas li\u00f1as de traballo.<\/p>\n\n<figure class=\"wp-block-image size-large\"><img loading=\"lazy\" decoding=\"async\" width=\"1024\" height=\"576\" src=\"https:\/\/www.factoria-4-7.org\/wp-content\/uploads\/2023\/07\/I-Encuentro-Plenario-Movimiento-4.7-52-1024x576.jpeg\" alt=\"\" class=\"wp-image-4344\" srcset=\"https:\/\/www.factoria-4-7.org\/wp-content\/uploads\/2023\/07\/I-Encuentro-Plenario-Movimiento-4.7-52-1024x576.jpeg 1024w, https:\/\/www.factoria-4-7.org\/wp-content\/uploads\/2023\/07\/I-Encuentro-Plenario-Movimiento-4.7-52-300x169.jpeg 300w, https:\/\/www.factoria-4-7.org\/wp-content\/uploads\/2023\/07\/I-Encuentro-Plenario-Movimiento-4.7-52-768x432.jpeg 768w, https:\/\/www.factoria-4-7.org\/wp-content\/uploads\/2023\/07\/I-Encuentro-Plenario-Movimiento-4.7-52-1536x864.jpeg 1536w, https:\/\/www.factoria-4-7.org\/wp-content\/uploads\/2023\/07\/I-Encuentro-Plenario-Movimiento-4.7-52.jpeg 1920w\" sizes=\"auto, (max-width: 1024px) 100vw, 1024px\" \/><\/figure>\n\n<p>Neste I Encontro, o <a href=\"https:\/\/www.factoria-4-7.org\/rce-basque-country-navarre\/\">RCE Basque Country \u2013 Navarre<\/a> estivo representado por cinco entidades:<\/p>\n\n<ul class=\"wp-block-list\">\n<li><a href=\"https:\/\/www.alboan.org\/es\">Alboan | ONG de los jesuitas<\/a><\/li>\n\n\n\n<li><a href=\"https:\/\/unetxea.org\/\">UN ETXEA \u2013 Asociaci\u00f3n del Pa\u00eds Vasco para la UNESCO<\/a><\/li>\n\n\n\n<li><a href=\"https:\/\/www.egibide.org\/\">Egibide Vitoria-Gasteiz Alava | E.S.O | Bachillerato | Formaci\u00f3n<\/a><\/li>\n\n\n\n<li><a href=\"https:\/\/www.congdnavarra.org\/\">Coordinadora ONGD de Navarra<\/a><\/li>\n\n\n\n<li><a href=\"https:\/\/onay.org\/\">ONAY \u2013 Organizaci\u00f3n Navarra para Ayuda entre los pueblos<\/a><\/li>\n<\/ul>\n","protected":false},"excerpt":{"rendered":"<p>O martes 4 de xullo celebrouse o I Encontro Plenario do Movemento 4.7 no espazo Ecooo en Madrid. Nel, reun\u00edronse m\u00e1is de 19 entidades para traballar xuntas no seguimento da [&hellip;]<\/p>\n","protected":false},"author":6,"featured_media":26831,"comment_status":"closed","ping_status":"closed","sticky":false,"template":"","format":"standard","meta":{"_acf_changed":false,"footnotes":""},"categories":[145],"tags":[],"ods":[],"class_list":["post-27210","post","type-post","status-publish","format-standard","has-post-thumbnail","hentry","category-sin-categoria"],"acf":[],"_links":{"self":[{"href":"https:\/\/www.factoria-4-7.org\/gl\/wp-json\/wp\/v2\/posts\/27210","targetHints":{"allow":["GET"]}}],"collection":[{"href":"https:\/\/www.factoria-4-7.org\/gl\/wp-json\/wp\/v2\/posts"}],"about":[{"href":"https:\/\/www.factoria-4-7.org\/gl\/wp-json\/wp\/v2\/types\/post"}],"author":[{"embeddable":true,"href":"https:\/\/www.factoria-4-7.org\/gl\/wp-json\/wp\/v2\/users\/6"}],"replies":[{"embeddable":true,"href":"https:\/\/www.factoria-4-7.org\/gl\/wp-json\/wp\/v2\/comments?post=27210"}],"version-history":[{"count":1,"href":"https:\/\/www.factoria-4-7.org\/gl\/wp-json\/wp\/v2\/posts\/27210\/revisions"}],"predecessor-version":[{"id":27213,"href":"https:\/\/www.factoria-4-7.org\/gl\/wp-json\/wp\/v2\/posts\/27210\/revisions\/27213"}],"wp:featuredmedia":[{"embeddable":true,"href":"https:\/\/www.factoria-4-7.org\/gl\/wp-json\/wp\/v2\/media\/26831"}],"wp:attachment":[{"href":"https:\/\/www.factoria-4-7.org\/gl\/wp-json\/wp\/v2\/media?parent=27210"}],"wp:term":[{"taxonomy":"category","embeddable":true,"href":"https:\/\/www.factoria-4-7.org\/gl\/wp-json\/wp\/v2\/categories?post=27210"},{"taxonomy":"post_tag","embeddable":true,"href":"https:\/\/www.factoria-4-7.org\/gl\/wp-json\/wp\/v2\/tags?post=27210"},{"taxonomy":"ods","embeddable":true,"href":"https:\/\/www.factoria-4-7.org\/gl\/wp-json\/wp\/v2\/ods?post=27210"}],"curies":[{"name":"wp","href":"https:\/\/api.w.org\/{rel}","templated":true}]}}