{"id":27214,"date":"2023-08-17T13:21:55","date_gmt":"2023-08-17T11:21:55","guid":{"rendered":"https:\/\/www.factoria-4-7.org\/a-oei-e-o-ministerio-de-educacion-de-espana-lanzan-a-2-a-edicion-do-premio-innovacion-y-ods-en-los-centros-educativos\/"},"modified":"2025-12-10T11:31:41","modified_gmt":"2025-12-10T10:31:41","slug":"a-oei-e-o-ministerio-de-educacion-de-espana-lanzan-a-2-a-edicion-do-premio-innovacion-y-ods-en-los-centros-educativos","status":"publish","type":"post","link":"https:\/\/www.factoria-4-7.org\/gl\/a-oei-e-o-ministerio-de-educacion-de-espana-lanzan-a-2-a-edicion-do-premio-innovacion-y-ods-en-los-centros-educativos\/","title":{"rendered":"A OEI e o Ministerio de Educaci\u00f3n de Espa\u00f1a lanzan a 2.\u00aa edici\u00f3n do premio \u201cInnovaci\u00f3n y ODS en los centros educativos\u201d"},"content":{"rendered":"\n<h2 class=\"wp-block-heading\"><strong>Polo segundo ano consecutivo, poder\u00e1n participar neste galard\u00f3n os proxectos educativos m\u00e1is innovadores sobre os ODS de 22 pa\u00edses iberoamericanos. A data l\u00edmite ser\u00e1 o 5 de outubro deste ano.<\/strong><\/h2>\n\n<p>A Organizaci\u00f3n de Estados Iberoamericanos para la Educaci\u00f3n, la Ciencia y la Cultura (OEI) e o Ministerio da Educaci\u00f3n y Formaci\u00f3n Profesional de Espa\u00f1a lanzaron hoxe a segunda edici\u00f3n do premio\u00a0<strong>\u201cInnovaci\u00f3n y ODS en los centros educativos\u201d<\/strong>.\u00a0<strong>\u00a0<\/strong><\/p>\n\n<p>O premio busca reco\u00f1ecer a implicaci\u00f3n dos centros educativos de toda Iberoam\u00e9rica na concienciaci\u00f3n e difusi\u00f3n dos Obxectivos de Desenvolvemento Sostible (ODS) da Axenda 2030 ao interior das aulas de maneira innovadora.<\/p>\n\n<p>Poder\u00e1n participar neste premio centros educativos de<strong>\u00a0Andorra, Arxentina, Bolivia, Brasil, Chile, Colombia, Costa Rica, Cuba, O Salvador, Ecuador, Espa\u00f1a, Guatemala, Honduras, M\u00e9xico, Nicaragua, Panam\u00e1, Paraguai, Per\u00fa, Portugal, Rep\u00fablica Dominicana e Uruguai.<\/strong><\/p>\n\n<p>A convocatoria estar\u00e1 aberta ata o pr\u00f3ximo 5 de outubro para centros educativos dos niveis de infantil, primaria, secundaria, bacharelato, educaci\u00f3n t\u00e9cnico-profesional e educaci\u00f3n de persoas novas e adultas, as\u00ed como aqueles que traballen na modalidade de educaci\u00f3n especial, con proxectos que se executasen entre o 1 de xaneiro de 2022 e o 31 de agosto de 2023.<\/p>\n\n<p>O galard\u00f3n reco\u00f1ecer\u00e1 tres instituci\u00f3ns educativas que destaquen pola s\u00faa relevancia e innovaci\u00f3n, as\u00ed como pola implicaci\u00f3n da comunidade educativa e a s\u00faa sostibilidade no tempo, entre outros criterios. A mellor iniciativa ser\u00e1 merecedora\u00a0<strong>dun reco\u00f1ecemento de 10 mil euros, mentres que as outras d\u00faas finalistas se alzar\u00e1n cun premio de 5 mil euros,\u00a0<\/strong>que poder\u00e1n utilizar para a continuidade ou fortalecemento do seu proxecto educativo.\u00a0<strong>As solicitudes poder\u00e1n presentarse a trav\u00e9s deste\u00a0<\/strong><a href=\"https:\/\/forms.office.com\/pages\/responsepage.aspx?id=RCDnxlDvVUG4M1R-c13Lgr4j9pSsIaBNl6SrxPK0vuNUM0lISDZEQ0hVQUU5SllZSTRJSU9GVDNLSSQlQCN0PWcu&amp;web=1&amp;wdLOR=c906D60A6-F082-4AED-86D9-881CD0684A05\"><strong>formulario.<\/strong><\/a>\u00a0<\/p>\n\n<p>A comisi\u00f3n do xurado estar\u00e1 composta por expertos na materia e especialistas das instituci\u00f3ns convocantes que seleccionar\u00e1n os ga\u00f1adores antes do 30 de outubro. Os proxectos ga\u00f1adores ser\u00e1n convidados a participar nun evento de premiaci\u00f3n que se levar\u00e1 a cabo ao final deste a\u00f1o e ter\u00e1n a posibilidade de participar en 2024 no II Seminario Iberoamericano de Innovaci\u00f3n e Investigaci\u00f3n Educativa que promover\u00e1 a\u00a0<a href=\"https:\/\/oei.int\/oficinas\/secretaria-general\/noticias\/la-oei-y-el-ministerio-de-educacion-y-formacion-profesional-de-espana-lanzan-red-iberoamericana-de-innovacion-e-investigacion-educativa\">Red Iberoamericana de Innovaci\u00f3n e Investigaci\u00f3n Educativa<\/a>, creada pola OEI e o Ministerio de Educaci\u00f3n y Formaci\u00f3n Profesional o ano pasado.<\/p>\n\n<ul class=\"wp-block-list\">\n<li><a target=\"_blank\" href=\"https:\/\/oei.int\/downloads\/blobs\/eyJfcmFpbHMiOnsibWVzc2FnZSI6IkJBaHBBcEJwIiwiZXhwIjpudWxsLCJwdXIiOiJibG9iX2lkIn19--1cf8feb49f6412995715b2e5ea10f2fb2c3925b6\/ES_Bases%202%C2%AA%20convocatoria%20Premio%20ODS%20Centros%20Educativos.pdf\" rel=\"noreferrer noopener\">ES_Bases_2\u00aa Convocatoria Premio &#8216;Innovaci\u00f3n y ODS en los centros educativos&#8217; (PDF 600 KB)<\/a><\/li>\n\n\n\n<li><a target=\"_blank\" href=\"https:\/\/oei.int\/downloads\/blobs\/eyJfcmFpbHMiOnsibWVzc2FnZSI6IkJBaHBBcEZwIiwiZXhwIjpudWxsLCJwdXIiOiJibG9iX2lkIn19--263311c4526881ede8119f70349447d6ec3da2fd\/PT_Edital_2%C2%AA%20convocatoria%20Premio%20ODS%20Centros%20Educativos.pdf\" rel=\"noreferrer noopener\">PT_Edital_2\u00aa Convocat\u00f3ria Pr\u00eamio &#8216;Innova\u00e7ao e ODS nos centros educativos&#8217; (PDF 700 KB)<\/a><\/li>\n<\/ul>\n","protected":false},"excerpt":{"rendered":"<p>Polo segundo ano consecutivo, poder\u00e1n participar neste galard\u00f3n os proxectos educativos m\u00e1is innovadores sobre os ODS de 22 pa\u00edses iberoamericanos. A data l\u00edmite ser\u00e1 o 5 de outubro deste ano. [&hellip;]<\/p>\n","protected":false},"author":6,"featured_media":26832,"comment_status":"closed","ping_status":"closed","sticky":false,"template":"","format":"standard","meta":{"_acf_changed":false,"footnotes":""},"categories":[145],"tags":[],"ods":[],"class_list":["post-27214","post","type-post","status-publish","format-standard","has-post-thumbnail","hentry","category-sin-categoria"],"acf":[],"_links":{"self":[{"href":"https:\/\/www.factoria-4-7.org\/gl\/wp-json\/wp\/v2\/posts\/27214","targetHints":{"allow":["GET"]}}],"collection":[{"href":"https:\/\/www.factoria-4-7.org\/gl\/wp-json\/wp\/v2\/posts"}],"about":[{"href":"https:\/\/www.factoria-4-7.org\/gl\/wp-json\/wp\/v2\/types\/post"}],"author":[{"embeddable":true,"href":"https:\/\/www.factoria-4-7.org\/gl\/wp-json\/wp\/v2\/users\/6"}],"replies":[{"embeddable":true,"href":"https:\/\/www.factoria-4-7.org\/gl\/wp-json\/wp\/v2\/comments?post=27214"}],"version-history":[{"count":1,"href":"https:\/\/www.factoria-4-7.org\/gl\/wp-json\/wp\/v2\/posts\/27214\/revisions"}],"predecessor-version":[{"id":27215,"href":"https:\/\/www.factoria-4-7.org\/gl\/wp-json\/wp\/v2\/posts\/27214\/revisions\/27215"}],"wp:featuredmedia":[{"embeddable":true,"href":"https:\/\/www.factoria-4-7.org\/gl\/wp-json\/wp\/v2\/media\/26832"}],"wp:attachment":[{"href":"https:\/\/www.factoria-4-7.org\/gl\/wp-json\/wp\/v2\/media?parent=27214"}],"wp:term":[{"taxonomy":"category","embeddable":true,"href":"https:\/\/www.factoria-4-7.org\/gl\/wp-json\/wp\/v2\/categories?post=27214"},{"taxonomy":"post_tag","embeddable":true,"href":"https:\/\/www.factoria-4-7.org\/gl\/wp-json\/wp\/v2\/tags?post=27214"},{"taxonomy":"ods","embeddable":true,"href":"https:\/\/www.factoria-4-7.org\/gl\/wp-json\/wp\/v2\/ods?post=27214"}],"curies":[{"name":"wp","href":"https:\/\/api.w.org\/{rel}","templated":true}]}}