{"id":27219,"date":"2023-10-11T16:15:33","date_gmt":"2023-10-11T14:15:33","guid":{"rendered":"https:\/\/www.factoria-4-7.org\/presentase-a-alianza-vasca-polos-ods-subscrita-por-55-entidades-para-colaborar-no-desenvolvemento-da-axenda-2030\/"},"modified":"2025-12-10T11:31:41","modified_gmt":"2025-12-10T10:31:41","slug":"presentase-a-alianza-vasca-polos-ods-subscrita-por-55-entidades-para-colaborar-no-desenvolvemento-da-axenda-2030","status":"publish","type":"post","link":"https:\/\/www.factoria-4-7.org\/gl\/presentase-a-alianza-vasca-polos-ods-subscrita-por-55-entidades-para-colaborar-no-desenvolvemento-da-axenda-2030\/","title":{"rendered":"Pres\u00e9ntase a Alianza Vasca polos ODS, subscrita por 55 entidades para colaborar no desenvolvemento da Axenda 2030"},"content":{"rendered":"\n<p>O pasado 2 de outubro, o lehendakari Urkullu presentou en Euskadi a Alianza Vasca para alcanzar os Obxectivos de Desenvolvemento Sostible (ODS). O lehendakari destacou a importancia do conxunto de acci\u00f3ns que conforman o &#8220;triplo paso&#8221;, que incl\u00fae a creaci\u00f3n da Axenda Vasca baseada nos Obxectivos de Desenvolvemento Sostible, a declaraci\u00f3n \u201cPara un Contrato Social Agenda 2030 Euskadi\u201d e a \u201cGu\u00eda para implementar la Agenda 2030 en empresas y organizaciones\u201d. Para a integraci\u00f3n dos ODS en Euskadi, o \u201cForo Agenda 2030 Euskadi\u201d elaborou diversas ferramentas para a s\u00faa correcta implementaci\u00f3n.\u00a0<\/p>\n\n<p>Urkullu salientou que a Axenda 2030 \u00e9 necesaria para lograr o cambio na nosa sociedade. \u00c9 posible encarar as adversidades e os grandes desaf\u00edos do mundo actual mediante a colaboraci\u00f3n global e local. Publicouse a declaraci\u00f3n \u201cPara un Contrato Social Agenda 2030 Euskadi\u201d, que conta con m\u00e1is de 50 actores sociais. Hai cinco compromisos, que son:<\/p>\n\n<ul class=\"wp-block-list\">\n<li>O reforzamento das colaboraci\u00f3ns entre as organizaci\u00f3ns sociais<\/li>\n\n\n\n<li>A implementaci\u00f3n dos ODS na xesti\u00f3n e funcionamento interno de empresas e organizaci\u00f3ns<\/li>\n\n\n\n<li>Divulgaci\u00f3n e promoci\u00f3n da Axenda 2030\n<ul class=\"wp-block-list\">\n<li>Impulsi\u00f3n da participaci\u00f3n<strong> <\/strong>e implicaci\u00f3n cidad\u00e1<\/li>\n<\/ul>\n<\/li>\n\n\n\n<li>Impulsi\u00f3n dos principios de solidariedade e sostibilidade\u00a0<\/li>\n\n\n\n<li>Modelizaci\u00f3n da experiencia vasca e favorecemento do intercambio no \u00e1mbito internacional.<\/li>\n<\/ul>\n\n<p>Tam\u00e9n se presentou unha <strong>\u201cGu\u00eda para desarrollar la Agenda 2030 en empresas y organizaciones\u201d <\/strong> en que se ofrece \u00e1s entidades a posibilidade de incorporaren os ODS en tres fases potenciais:\u00a0<\/p>\n\n<ul class=\"wp-block-list\">\n<li>etapa de aproximaci\u00f3n<\/li>\n\n\n\n<li>etapa de inicio<\/li>\n\n\n\n<li>etapa de maior compromiso<\/li>\n<\/ul>\n\n<p>B\u00fascase que as empresas se comprometan coa solidariedade, a responsabilidade, a intelixencia e o interese propio, xa que cada vez se precisar\u00e1n m\u00e1is modelos de xesti\u00f3n responsable, sostible e solidaria. Ademais, a iniciativa tam\u00e9n se levou a cabo grazas \u00e1 colaboraci\u00f3n con Guneak do Foro Agenda 2030 Euskadi.<\/p>\n\n<p><\/p>\n\n<figure class=\"wp-block-image size-large\"><img loading=\"lazy\" decoding=\"async\" width=\"1024\" height=\"576\" src=\"https:\/\/www.factoria-4-7.org\/wp-content\/uploads\/2023\/10\/Alianza-Vasca-1024x576.jpg\" alt=\"\" class=\"wp-image-4578\" srcset=\"https:\/\/www.factoria-4-7.org\/wp-content\/uploads\/2023\/10\/Alianza-Vasca-1024x576.jpg 1024w, https:\/\/www.factoria-4-7.org\/wp-content\/uploads\/2023\/10\/Alianza-Vasca-300x169.jpg 300w, https:\/\/www.factoria-4-7.org\/wp-content\/uploads\/2023\/10\/Alianza-Vasca-768x432.jpg 768w, https:\/\/www.factoria-4-7.org\/wp-content\/uploads\/2023\/10\/Alianza-Vasca.jpg 1200w\" sizes=\"auto, (max-width: 1024px) 100vw, 1024px\" \/><\/figure>\n","protected":false},"excerpt":{"rendered":"<p>O pasado 2 de outubro, o lehendakari Urkullu presentou en Euskadi a Alianza Vasca para alcanzar os Obxectivos de Desenvolvemento Sostible (ODS). O lehendakari destacou a importancia do conxunto de [&hellip;]<\/p>\n","protected":false},"author":6,"featured_media":27220,"comment_status":"closed","ping_status":"closed","sticky":false,"template":"","format":"standard","meta":{"_acf_changed":false,"footnotes":""},"categories":[145],"tags":[],"ods":[],"class_list":["post-27219","post","type-post","status-publish","format-standard","has-post-thumbnail","hentry","category-sin-categoria"],"acf":[],"_links":{"self":[{"href":"https:\/\/www.factoria-4-7.org\/gl\/wp-json\/wp\/v2\/posts\/27219","targetHints":{"allow":["GET"]}}],"collection":[{"href":"https:\/\/www.factoria-4-7.org\/gl\/wp-json\/wp\/v2\/posts"}],"about":[{"href":"https:\/\/www.factoria-4-7.org\/gl\/wp-json\/wp\/v2\/types\/post"}],"author":[{"embeddable":true,"href":"https:\/\/www.factoria-4-7.org\/gl\/wp-json\/wp\/v2\/users\/6"}],"replies":[{"embeddable":true,"href":"https:\/\/www.factoria-4-7.org\/gl\/wp-json\/wp\/v2\/comments?post=27219"}],"version-history":[{"count":1,"href":"https:\/\/www.factoria-4-7.org\/gl\/wp-json\/wp\/v2\/posts\/27219\/revisions"}],"predecessor-version":[{"id":27221,"href":"https:\/\/www.factoria-4-7.org\/gl\/wp-json\/wp\/v2\/posts\/27219\/revisions\/27221"}],"wp:featuredmedia":[{"embeddable":true,"href":"https:\/\/www.factoria-4-7.org\/gl\/wp-json\/wp\/v2\/media\/27220"}],"wp:attachment":[{"href":"https:\/\/www.factoria-4-7.org\/gl\/wp-json\/wp\/v2\/media?parent=27219"}],"wp:term":[{"taxonomy":"category","embeddable":true,"href":"https:\/\/www.factoria-4-7.org\/gl\/wp-json\/wp\/v2\/categories?post=27219"},{"taxonomy":"post_tag","embeddable":true,"href":"https:\/\/www.factoria-4-7.org\/gl\/wp-json\/wp\/v2\/tags?post=27219"},{"taxonomy":"ods","embeddable":true,"href":"https:\/\/www.factoria-4-7.org\/gl\/wp-json\/wp\/v2\/ods?post=27219"}],"curies":[{"name":"wp","href":"https:\/\/api.w.org\/{rel}","templated":true}]}}