{"id":4648,"global_id":"www.factoria-4-7.org\/pt-pt\/?id=4648","global_id_lineage":["www.factoria-4-7.org\/pt-pt\/?id=4648"],"author":"6","status":"publish","date":"2023-11-20 18:52:03","date_utc":"2023-11-20 17:52:03","modified":"2023-11-20 18:59:49","modified_utc":"2023-11-20 17:59:49","url":"https:\/\/www.factoria-4-7.org\/pt-pt\/evento\/declaracion-europea-sobre-educacion-global-2050\/","rest_url":"https:\/\/www.factoria-4-7.org\/pt-pt\/wp-json\/tribe\/events\/v1\/events\/4648","title":"Declaraci\u00f3n Europea sobre Educaci\u00f3n Global 2050","description":"<p>En noviembre de 2022, la Red Europea de Educaci\u00f3n Global GENE, que re\u00fane a Agencias de Cooperaci\u00f3n y Ministerios con competencia en Ciudadan\u00eda Global de los pa\u00edses miembros de la UE, suscribi\u00f3 la Declaraci\u00f3n Europea sobre Educaci\u00f3n Global 2050, m\u00e1s conocida por la Declaraci\u00f3n de Dubl\u00edn.<\/p>\n<p>Transcurrido un a\u00f1o de la declaraci\u00f3n, os invitamos a una jornada cuyo objetivo es\u00a0 darla a conocer y promover la\u00a0 reflexi\u00f3n sobre las posibilidades de su implementaci\u00f3n en lo local.<\/p>\n<p>Tendr\u00e1 lugar el <strong>lunes, 27 de noviembre, entre las 9:45 y las 14:00 horas en la sala Oteiza del Bizkaia Aretoa (<\/strong>Bilbao<strong>)<\/strong>.<\/p>\n<p>El <strong>programa de la jornada<\/strong> es el siguiente:<\/p>\n<p><strong>9:45<\/strong> \u00a0\u00a0\u00a0Recepci\u00f3n<\/p>\n<p><strong>10:00<\/strong> \u00a0Bienvenida y presentaci\u00f3n<\/p>\n<p><strong>10:10<\/strong> \u00a0Conociendo la Declaraci\u00f3n de Dubl\u00edn<\/p>\n<ul>\n<li>Ditta Trindade Dolejsiova, GENE- Global Education Network Europe<\/li>\n<\/ul>\n<p><strong>11:00<\/strong> \u00a0Descanso<\/p>\n<p><strong>11:30<\/strong> \u00a0Di\u00e1logo: retos y oportunidades que plantea<\/p>\n<ul>\n<li>Lur Fern\u00e1ndez Salinas, t\u00e9cnica de educaci\u00f3n para el desarrollo y sensibilizaci\u00f3n de PLATFORMA- Acci\u00f3n Internacional Local y Regional<\/li>\n<li>Pilar Deb\u00e9n G\u00f3mez, t\u00e9cnica de educaci\u00f3n de la AECID \u00a0(Agencia Espa\u00f1ola de Cooperaci\u00f3n Internacional para el Desarrollo)<\/li>\n<\/ul>\n<p><strong>12:30<\/strong> \u00a0Implementaci\u00f3n de la Declaraci\u00f3n a nivel local<\/p>\n<p><strong>13:30<\/strong> \u00a0Evaluaci\u00f3n y cierre<\/p>\n<p>Inscripciones abiertas hasta el 24 de noviembre <strong><u><a href=\"https:\/\/forms.gle\/ug7rTdnAWZmixmdV7\">aqu\u00ed<\/a><\/u><\/strong><\/p>\n<p>Plazas limitadas.<\/p>\n<p>&nbsp;<\/p>","excerpt":"","slug":"declaracion-europea-sobre-educacion-global-2050","image":{"url":"https:\/\/www.factoria-4-7.org\/wp-content\/uploads\/2023\/11\/GENE.png","id":4649,"extension":"png","width":889,"height":501,"filesize":494202,"sizes":{"medium":{"width":300,"height":169,"mime-type":"image\/png","filesize":67236,"url":"https:\/\/www.factoria-4-7.org\/wp-content\/uploads\/2023\/11\/GENE-300x169.png"},"thumbnail":{"width":150,"height":150,"mime-type":"image\/png","filesize":31445,"url":"https:\/\/www.factoria-4-7.org\/wp-content\/uploads\/2023\/11\/GENE-150x150.png"},"medium_large":{"width":768,"height":433,"mime-type":"image\/png","filesize":338447,"url":"https:\/\/www.factoria-4-7.org\/wp-content\/uploads\/2023\/11\/GENE-768x433.png"}}},"all_day":false,"start_date":"2023-11-27 09:45:00","start_date_details":{"year":"2023","month":"11","day":"27","hour":"09","minutes":"45","seconds":"00"},"end_date":"2023-11-27 14:00:00","end_date_details":{"year":"2023","month":"11","day":"27","hour":"14","minutes":"00","seconds":"00"},"utc_start_date":"2023-11-27 08:45:00","utc_start_date_details":{"year":"2023","month":"11","day":"27","hour":"08","minutes":"45","seconds":"00"},"utc_end_date":"2023-11-27 13:00:00","utc_end_date_details":{"year":"2023","month":"11","day":"27","hour":"13","minutes":"00","seconds":"00"},"timezone":"Europe\/Madrid","timezone_abbr":"CET","cost":"","cost_details":{"currency_symbol":"","currency_code":"","currency_position":"suffix","values":[]},"website":"","show_map":true,"show_map_link":true,"hide_from_listings":false,"sticky":true,"featured":true,"categories":[],"tags":[],"venue":{"id":4651,"author":"6","status":"publish","date":"2023-11-20 18:52:03","date_utc":"2023-11-20 17:52:03","modified":"2023-11-20 18:52:03","modified_utc":"2023-11-20 17:52:03","url":"https:\/\/www.factoria-4-7.org\/local\/bizkaia-aretoa-sala-oteiza-gela\/","venue":"Bizkaia Aretoa, Sala Oteiza Gela","slug":"bizkaia-aretoa-sala-oteiza-gela","address":"Abandoibarra Etorb., 3","city":"Bilbao","country":"Espa\u00f1a","province":"Bizkaia","zip":"48009","stateprovince":"Bizkaia","json_ld":{"@type":"Place","name":"Bizkaia Aretoa, Sala Oteiza Gela","description":"","url":"","address":{"@type":"PostalAddress","streetAddress":"Abandoibarra Etorb., 3","addressLocality":"Bilbao","addressRegion":"Bizkaia","postalCode":"48009","addressCountry":"Espa\u00f1a"},"telephone":"","sameAs":""},"show_map":true,"show_map_link":true,"global_id":"www.factoria-4-7.org\/pt-pt\/?id=4651","global_id_lineage":["www.factoria-4-7.org\/pt-pt\/?id=4651"]},"organizer":[{"id":3715,"author":"6","status":"publish","date":"2023-05-12 11:03:54","date_utc":"2023-05-12 11:03:54","modified":"2023-05-12 11:03:54","modified_utc":"2023-05-12 11:03:54","url":"https:\/\/www.factoria-4-7.org\/organizador\/agencia-vasca-de-cooperacion-al-desarrollo\/","organizer":"Agencia Vasca de Cooperaci\u00f3n al Desarrollo","slug":"agencia-vasca-de-cooperacion-al-desarrollo","website":"https:\/\/elankidetza.euskadi.eus\/webela01-hasiera\/es","json_ld":{"@type":"Person","name":"Agencia Vasca de Cooperaci\u00f3n al Desarrollo","description":"","url":"https:\/\/elankidetza.euskadi.eus\/webela01-hasiera\/es","telephone":"","email":"","sameAs":"https:\/\/elankidetza.euskadi.eus\/webela01-hasiera\/es"},"global_id":"www.factoria-4-7.org\/pt-pt\/?id=3715","global_id_lineage":["www.factoria-4-7.org\/pt-pt\/?id=3715"]}],"custom_fields":[],"json_ld":{"@context":"http:\/\/schema.org","@type":"Event","name":"Declaraci\u00f3n Europea sobre Educaci\u00f3n Global 2050","description":"&lt;p&gt;En noviembre de 2022, la Red Europea de Educaci\u00f3n Global GENE, que re\u00fane a Agencias de Cooperaci\u00f3n y Ministerios con competencia en Ciudadan\u00eda Global de los pa\u00edses miembros de la [&hellip;]&lt;\/p&gt;\\n","image":"https:\/\/www.factoria-4-7.org\/wp-content\/uploads\/2023\/11\/GENE.png","url":"https:\/\/www.factoria-4-7.org\/pt-pt\/evento\/declaracion-europea-sobre-educacion-global-2050\/","eventAttendanceMode":"https:\/\/schema.org\/OfflineEventAttendanceMode","eventStatus":"https:\/\/schema.org\/EventScheduled","startDate":"2023-11-27T09:45:00+01:00","endDate":"2023-11-27T14:00:00+01:00","location":{"@type":"Place","name":"Bizkaia Aretoa, Sala Oteiza Gela","description":"","url":"","address":{"@type":"PostalAddress","streetAddress":"Abandoibarra Etorb., 3","addressLocality":"Bilbao","addressRegion":"Bizkaia","postalCode":"48009","addressCountry":"Espa\u00f1a"},"telephone":"","sameAs":""},"organizer":{"@type":"Person","name":"Agencia Vasca de Cooperaci\u00f3n al Desarrollo","description":"","url":"https:\/\/elankidetza.euskadi.eus\/webela01-hasiera\/es","telephone":"","email":"","sameAs":"https:\/\/elankidetza.euskadi.eus\/webela01-hasiera\/es"},"performer":"Organization"}}