{"id":4807,"global_id":"www.factoria-4-7.org\/pt-pt\/?id=4807","global_id_lineage":["www.factoria-4-7.org\/pt-pt\/?id=4807"],"author":"6","status":"publish","date":"2024-02-05 10:33:40","date_utc":"2024-02-05 09:33:40","modified":"2024-02-05 10:36:38","modified_utc":"2024-02-05 09:36:38","url":"https:\/\/www.factoria-4-7.org\/pt-pt\/evento\/primer-encuentro-de-sociedad-civil-vasca-el-futuro-que-queremos\/","rest_url":"https:\/\/www.factoria-4-7.org\/pt-pt\/wp-json\/tribe\/events\/v1\/events\/4807","title":"Primer Encuentro de Sociedad Civil Vasca &#8220;El Futuro Que Queremos&#8221;","description":"<p>Este encuentro surge dentro del marco de Futuro en Com\u00fan, una iniciativa que re\u00fane a m\u00e1s de 50 organizaciones, redes y plataformas de la sociedad civil con el objetivo de abordar las causas locales y globales de la pobreza, las desigualdades y la protecci\u00f3n del medio ambiente.<\/p>\n<p>Durante el a\u00f1o 2023, se llevaron a cabo encuentros tem\u00e1ticos intersectoriales en colaboraci\u00f3n con diversas organizaciones:<\/p>\n<ul>\n<li><a href=\"https:\/\/unetxea.org\/relatoria-del-encuentro-de-organizaciones-ambientales-y-sociales\/\" target=\"_blank\" rel=\"noopener\">Enlazando caminos hacia la sostenibilidad<\/a>\u00a0(junio 2023)<\/li>\n<li><a href=\"https:\/\/unetxea.org\/relatoria-del-encuentro-de-organizaciones-feministas\/\" target=\"_blank\" rel=\"noopener\">Igualdad, sostenibilidad y derechos humanos: el papel crucial de las mujeres en la Agenda 2030<\/a>\u00a0(septiembre 2023)<\/li>\n<li><a href=\"https:\/\/unetxea.org\/relatoria-del-encuentro-jovenes-agentes-del-cambio\/\" target=\"_blank\" rel=\"noopener\">J\u00f3venes agentes del cambio: participaci\u00f3n y articulaci\u00f3n para una sociedad m\u00e1s justa y sostenible<\/a>\u00a0(octubre 2023)<\/li>\n<li><a href=\"https:\/\/unetxea.org\/relatoria-del-encuentro-necesidades-basicas-derecho-o-privilegio\/\" target=\"_blank\" rel=\"noopener\">Necesidades b\u00e1sicas, \u00bfderecho o privilegio?<\/a>\u00a0(octubre 2023)<\/li>\n<\/ul>\n<p>Estos encuentros han proporcionado reflexiones, desaf\u00edos y oportunidades que contribuir\u00e1n a la construcci\u00f3n de pol\u00edticas inclusivas, feministas y respetuosas con los derechos humanos y el medio ambiente desde la sociedad civil organizada:<\/p>\n<p>El encuentro final, que re\u00fane a organizaciones de diferentes \u00e1mbitos, tiene como objetivo principal generar un espacio de encuentro, debate y reflexi\u00f3n intersectorial para compartir reivindicaciones y aprender unos de otros.<\/p>\n<p><a href=\"https:\/\/unetxea.org\/dokumentuak\/encuentro-sociedad-civil.pdf\">https:\/\/unetxea.org\/dokumentuak\/encuentro-sociedad-civil.pdf<\/a><\/p>","excerpt":"<p>El objetivo del encuentro es reflexionar, dialogar conjuntamente, estrechar lazos y crear puentes entre organizaciones de la sociedad civil diversas, para avanzar en la construcci\u00f3n de narrativas conjuntas para emprender el camino hacia una transici\u00f3n justa y sostenible para el planeta.<\/p>\n<p>Con este encuentro queremos trasladar el mensaje de que, con la suma y cooperaci\u00f3n de todos y todas, estamos a tiempo de hacer frente a los grandes<br \/>\ndesaf\u00edos de nuestro tiempo, para construir el futuro que queremos.<\/p>\n<p>Queremos enfatizar el papel de la sociedad civil organizada como palanca de cambio contribuyendo a la construcci\u00f3n de pol\u00edticas de desarrollo inclusivas,<br \/>\nfeministas, democracias igualitarias y respetuosas con el medio ambiente y los derechos humanos.<\/p>","slug":"primer-encuentro-de-sociedad-civil-vasca-el-futuro-que-queremos","image":{"url":"https:\/\/www.factoria-4-7.org\/wp-content\/uploads\/2024\/02\/futuro-que-queremos-web.jpg","id":4812,"extension":"jpg","width":1470,"height":557,"filesize":360301,"sizes":{"medium":{"width":300,"height":114,"mime-type":"image\/jpeg","filesize":12180,"url":"https:\/\/www.factoria-4-7.org\/wp-content\/uploads\/2024\/02\/futuro-que-queremos-web-300x114.jpg"},"large":{"width":1024,"height":388,"mime-type":"image\/jpeg","filesize":73278,"url":"https:\/\/www.factoria-4-7.org\/wp-content\/uploads\/2024\/02\/futuro-que-queremos-web-1024x388.jpg"},"thumbnail":{"width":150,"height":150,"mime-type":"image\/jpeg","filesize":7751,"url":"https:\/\/www.factoria-4-7.org\/wp-content\/uploads\/2024\/02\/futuro-que-queremos-web-150x150.jpg"},"medium_large":{"width":768,"height":291,"mime-type":"image\/jpeg","filesize":49242,"url":"https:\/\/www.factoria-4-7.org\/wp-content\/uploads\/2024\/02\/futuro-que-queremos-web-768x291.jpg"}}},"all_day":false,"start_date":"2024-01-30 09:00:00","start_date_details":{"year":"2024","month":"01","day":"30","hour":"09","minutes":"00","seconds":"00"},"end_date":"2024-01-30 15:00:00","end_date_details":{"year":"2024","month":"01","day":"30","hour":"15","minutes":"00","seconds":"00"},"utc_start_date":"2024-01-30 08:00:00","utc_start_date_details":{"year":"2024","month":"01","day":"30","hour":"08","minutes":"00","seconds":"00"},"utc_end_date":"2024-01-30 14:00:00","utc_end_date_details":{"year":"2024","month":"01","day":"30","hour":"14","minutes":"00","seconds":"00"},"timezone":"Europe\/Madrid","timezone_abbr":"CET","cost":"","cost_details":{"currency_symbol":"","currency_code":"","currency_position":"suffix","values":[]},"website":"https:\/\/unetxea.org\/primer-encuentro-de-sociedad-civil-vasca-el-futuro-que-queremos\/","show_map":true,"show_map_link":true,"hide_from_listings":false,"sticky":false,"featured":false,"categories":[],"tags":[],"venue":{"id":4810,"author":"6","status":"publish","date":"2024-02-05 10:27:47","date_utc":"2024-02-05 09:27:47","modified":"2024-02-05 10:35:53","modified_utc":"2024-02-05 09:35:53","url":"https:\/\/www.factoria-4-7.org\/local\/bilborock\/","venue":"Bilborock","slug":"bilborock","address":"Mlle. La Merced, 1, 48003","city":"Bilbao","country":"Espa\u00f1a","province":"Bizkaia","zip":"48003","stateprovince":"Bizkaia","json_ld":{"@type":"Place","name":"Bilborock","description":"","url":"","address":{"@type":"PostalAddress","streetAddress":"Mlle. La Merced, 1, 48003","addressLocality":"Bilbao","addressRegion":"Bizkaia","postalCode":"48003","addressCountry":"Espa\u00f1a"},"telephone":"","sameAs":""},"show_map":true,"show_map_link":true,"global_id":"www.factoria-4-7.org\/pt-pt\/?id=4810","global_id_lineage":["www.factoria-4-7.org\/pt-pt\/?id=4810"]},"organizer":[{"id":3709,"author":"6","status":"publish","date":"2023-05-12 10:46:12","date_utc":"2023-05-12 10:46:12","modified":"2023-05-12 10:46:12","modified_utc":"2023-05-12 10:46:12","url":"https:\/\/www.factoria-4-7.org\/organizador\/un-etxea-asociacion-del-pais-vasco-para-la-unesco\/","organizer":"UN Etxea &#8211; Asociaci\u00f3n del Pa\u00eds Vasco para la UNESCO","slug":"un-etxea-asociacion-del-pais-vasco-para-la-unesco","phone":"944276432","website":"https:\/\/www.unetxea.org\/","email":"info@unetxea.org","json_ld":{"@type":"Person","name":"UN Etxea &#8211; Asociaci\u00f3n del Pa\u00eds Vasco para la UNESCO","description":"","url":"https:\/\/www.unetxea.org\/","telephone":"944276432","email":"&#105;n&#102;&#111;&#64;&#117;netx&#101;&#97;.&#111;rg","sameAs":"https:\/\/www.unetxea.org\/"},"global_id":"www.factoria-4-7.org\/pt-pt\/?id=3709","global_id_lineage":["www.factoria-4-7.org\/pt-pt\/?id=3709"]},{"id":4815,"author":"6","status":"publish","date":"2024-02-05 10:33:40","date_utc":"2024-02-05 09:33:40","modified":"2024-02-05 10:33:40","modified_utc":"2024-02-05 09:33:40","url":"https:\/\/www.factoria-4-7.org\/organizador\/futuro-en-comun\/","organizer":"Futuro en Com\u00fan","slug":"futuro-en-comun","phone":"915210955","website":"https:\/\/futuroencomun.net\/","email":"info@futuroencomun.net","json_ld":{"@type":"Person","name":"Futuro en Com\u00fan","description":"","url":"https:\/\/futuroencomun.net\/","telephone":"915210955","email":"&#105;nf&#111;&#64;&#102;u&#116;uroenc&#111;&#109;&#117;n.&#110;&#101;t","sameAs":"https:\/\/futuroencomun.net\/"},"global_id":"www.factoria-4-7.org\/pt-pt\/?id=4815","global_id_lineage":["www.factoria-4-7.org\/pt-pt\/?id=4815"]}],"custom_fields":[],"json_ld":{"@context":"http:\/\/schema.org","@type":"Event","name":"Primer Encuentro de Sociedad Civil Vasca &#8220;El Futuro Que Queremos&#8221;","description":"&lt;p&gt;El objetivo del encuentro es reflexionar, dialogar conjuntamente, estrechar lazos y crear puentes entre organizaciones de la sociedad civil diversas, para avanzar en la construcci\u00f3n de narrativas conjuntas para emprender el camino hacia una transici\u00f3n justa y sostenible para el planeta.&lt;\/p&gt;\\n&lt;p&gt;Con este encuentro queremos trasladar el mensaje de que, con la suma y cooperaci\u00f3n de todos y todas, estamos a tiempo de hacer frente a los grandes&lt;br \/&gt;\\ndesaf\u00edos de nuestro tiempo, para construir el futuro que queremos.&lt;\/p&gt;\\n&lt;p&gt;Queremos enfatizar el papel de la sociedad civil organizada como palanca de cambio contribuyendo a la construcci\u00f3n de pol\u00edticas de desarrollo inclusivas,&lt;br \/&gt;\\nfeministas, democracias igualitarias y respetuosas con el medio ambiente y los derechos humanos.&lt;\/p&gt;\\n","image":"https:\/\/www.factoria-4-7.org\/wp-content\/uploads\/2024\/02\/futuro-que-queremos-web.jpg","url":"https:\/\/www.factoria-4-7.org\/pt-pt\/evento\/primer-encuentro-de-sociedad-civil-vasca-el-futuro-que-queremos\/","eventAttendanceMode":"https:\/\/schema.org\/OfflineEventAttendanceMode","eventStatus":"https:\/\/schema.org\/EventScheduled","startDate":"2024-01-30T09:00:00+01:00","endDate":"2024-01-30T15:00:00+01:00","location":{"@type":"Place","name":"Bilborock","description":"","url":"","address":{"@type":"PostalAddress","streetAddress":"Mlle. La Merced, 1, 48003","addressLocality":"Bilbao","addressRegion":"Bizkaia","postalCode":"48003","addressCountry":"Espa\u00f1a"},"telephone":"","sameAs":""},"organizer":{"@type":"Person","name":"UN Etxea &#8211; Asociaci\u00f3n del Pa\u00eds Vasco para la UNESCO","description":"","url":"https:\/\/www.unetxea.org\/","telephone":"944276432","email":"&#105;n&#102;o&#64;u&#110;etxea&#46;&#111;rg","sameAs":"https:\/\/www.unetxea.org\/"},"performer":"Organization"}}