{"id":1237,"date":"2023-02-09T10:25:49","date_gmt":"2023-02-09T10:25:49","guid":{"rendered":"https:\/\/www.factoria-4-7.org\/?p=1237"},"modified":"2023-06-19T13:08:56","modified_gmt":"2023-06-19T11:08:56","slug":"consulta-educacion-y-tecnologia-en-el-pais-vasco","status":"publish","type":"post","link":"https:\/\/www.factoria-4-7.org\/pt-pt\/consulta-educacion-y-tecnologia-en-el-pais-vasco\/","title":{"rendered":"Consulta: Educaci\u00f3n y Tecnolog\u00eda en el Pa\u00eds Vasco"},"content":{"rendered":"\n<p>El objetivo de la consulta es recolectar literatura, datos y ejemplos que puedan ser incluidos en el Informe GEM 2023, as\u00ed como sugerencias de nuevas fuentes de investigaci\u00f3n que puedan ser exploradas durante la elaboraci\u00f3n del mismo.<\/p>\n\n\n\n<h3 class=\"wp-block-heading\"><\/h3>\n\n\n\n<p><\/p>\n\n\n\n<h2 class=\"wp-block-heading\"><\/h2>\n\n\n\n<p>Durante la consulta, responsables de pol\u00edtica, personas expertas, docentes y representantes de organizaciones internacionales y no gubernamentales del Pa\u00eds Vasco ser\u00e1n invitados a responder a cinco preguntas, cuyas respuestas proporcionar\u00e1n una base de evidencia comparativa a partir de la cual se elaborar\u00e1n recomendaciones:<\/p>\n\n\n\n<ol class=\"wp-block-list\">\n<li>\u00bfQu\u00e9 sabemos sobre el papel de la tecnolog\u00eda a la hora de abordar cada uno de los desaf\u00edos educativos identificados con respecto al acceso, la equidad y la inclusi\u00f3n; la calidad; la promoci\u00f3n de la tecnolog\u00eda?; \u00bfy la gesti\u00f3n de sistemas?<\/li>\n\n\n\n<li>\u00bfQu\u00e9 sabemos sobre los posibles impactos negativos de la tecnolog\u00eda en los desaf\u00edos educativos en cada una de estas \u00e1reas?<\/li>\n\n\n\n<li>\u00bfC\u00f3mo facilitan los pa\u00edses el acceso a la tecnolog\u00eda para garantizar que no haya diferencias entre los distintos educandos y escuelas?<\/li>\n\n\n\n<li>\u00bfC\u00f3mo incorporan los sistemas educativos el uso de la tecnolog\u00eda mediante la reforma de los curr\u00edculos, el redise\u00f1o del material did\u00e1ctico y el apoyo docente?<\/li>\n\n\n\n<li>\u00bfC\u00f3mo se pueden abordar las consecuencias negativas del uso de la tecnolog\u00eda en la educaci\u00f3n y en la forma en que repercuten en ella?<\/li>\n<\/ol>\n","protected":false},"excerpt":{"rendered":"<p>El objetivo de la consulta es recolectar literatura, datos y ejemplos que puedan ser incluidos en el Informe GEM 2023, as\u00ed como sugerencias de nuevas fuentes de investigaci\u00f3n que puedan [&hellip;]<\/p>\n","protected":false},"author":5,"featured_media":1239,"comment_status":"closed","ping_status":"closed","sticky":false,"template":"","format":"standard","meta":{"_acf_changed":false,"footnotes":""},"categories":[38],"tags":[],"ods":[19],"class_list":["post-1237","post","type-post","status-publish","format-standard","has-post-thumbnail","hentry","category-38","ods-educacion-calidad"],"acf":[],"_links":{"self":[{"href":"https:\/\/www.factoria-4-7.org\/pt-pt\/wp-json\/wp\/v2\/posts\/1237","targetHints":{"allow":["GET"]}}],"collection":[{"href":"https:\/\/www.factoria-4-7.org\/pt-pt\/wp-json\/wp\/v2\/posts"}],"about":[{"href":"https:\/\/www.factoria-4-7.org\/pt-pt\/wp-json\/wp\/v2\/types\/post"}],"author":[{"embeddable":true,"href":"https:\/\/www.factoria-4-7.org\/pt-pt\/wp-json\/wp\/v2\/users\/5"}],"replies":[{"embeddable":true,"href":"https:\/\/www.factoria-4-7.org\/pt-pt\/wp-json\/wp\/v2\/comments?post=1237"}],"version-history":[{"count":6,"href":"https:\/\/www.factoria-4-7.org\/pt-pt\/wp-json\/wp\/v2\/posts\/1237\/revisions"}],"predecessor-version":[{"id":4014,"href":"https:\/\/www.factoria-4-7.org\/pt-pt\/wp-json\/wp\/v2\/posts\/1237\/revisions\/4014"}],"wp:featuredmedia":[{"embeddable":true,"href":"https:\/\/www.factoria-4-7.org\/pt-pt\/wp-json\/wp\/v2\/media\/1239"}],"wp:attachment":[{"href":"https:\/\/www.factoria-4-7.org\/pt-pt\/wp-json\/wp\/v2\/media?parent=1237"}],"wp:term":[{"taxonomy":"category","embeddable":true,"href":"https:\/\/www.factoria-4-7.org\/pt-pt\/wp-json\/wp\/v2\/categories?post=1237"},{"taxonomy":"post_tag","embeddable":true,"href":"https:\/\/www.factoria-4-7.org\/pt-pt\/wp-json\/wp\/v2\/tags?post=1237"},{"taxonomy":"ods","embeddable":true,"href":"https:\/\/www.factoria-4-7.org\/pt-pt\/wp-json\/wp\/v2\/ods?post=1237"}],"curies":[{"name":"wp","href":"https:\/\/api.w.org\/{rel}","templated":true}]}}