{"id":4341,"date":"2023-07-06T14:26:33","date_gmt":"2023-07-06T12:26:33","guid":{"rendered":"https:\/\/www.factoria-4-7.org\/?p=4341"},"modified":"2023-08-03T14:00:22","modified_gmt":"2023-08-03T12:00:22","slug":"i-encuentro-plenario-del-movimiento-4-7","status":"publish","type":"post","link":"https:\/\/www.factoria-4-7.org\/pt-pt\/i-encuentro-plenario-del-movimiento-4-7\/","title":{"rendered":"I Encuentro Plenario del Movimiento 4.7"},"content":{"rendered":"\n<p>El martes 4 de julio se llev\u00f3 a cabo el&nbsp;<strong>I Encuentro Plenario del Movimiento 4.7,<\/strong>&nbsp;en el espacio Ecooo de Madrid. En \u00e9l, m\u00e1s de 19 entidades se reunieron para trabajar juntas en el seguimiento de la meta 4.7 de los ODS en la agenda p\u00fablica y as\u00ed poner en valor la importancia de la Educaci\u00f3n para el Desarrollo Sostenible y la Ciudadan\u00eda Global.<\/p>\n\n\n\n<p>El Movimiento 4.7, que ha contado desde su inicio con el apoyo de la Agencia Espa\u00f1ola de Cooperaci\u00f3n Internacional (AECID), se impulsa desde el consorcio formado por&nbsp;<a href=\"https:\/\/www.alboan.org\/es\">Alboan<\/a>,&nbsp;<a href=\"https:\/\/www.entreculturas.org\/es\/home\">Entreculturas<\/a>,&nbsp;<a href=\"https:\/\/intered.org\/es\">Intered<\/a>&nbsp;y&nbsp;<a href=\"https:\/\/ongawa.org\/\">ONGAWA<\/a>. El equipo t\u00e9cnico de estas organizaciones se encarg\u00f3 de coordinar y facilitar la jornada, participando tambi\u00e9n como entidades que a su vez forman parte del Movimiento.&nbsp;<\/p>\n\n\n\n<p>A este evento fueron convocadas&nbsp;<strong>las personas y entidades adheridas, sumando a m\u00e1s de la mitad de las organizaciones que actualmente forman parte del Movimiento 4.7, as\u00ed como otras entidades colaboradoras o interesadas en el trabajo que se est\u00e1 realizando.&nbsp;&nbsp;<\/strong>Entre ellas, destacamos la presencia de la&nbsp;<a href=\"https:\/\/www.kaidara.org\/quienes-somos\/\">Red de Educadores y Educadoras para la Ciudadan\u00eda Global<\/a>, la&nbsp;<a href=\"https:\/\/coordinadoraongd.org\/\">Coordinadora de ONG para el Desarrollo<\/a>&nbsp;y&nbsp;<a href=\"https:\/\/www.congdnavarra.org\/\">Coordinadora de ONGD de Navarra<\/a>,&nbsp;<a href=\"https:\/\/spain.ashoka.org\/\">Ashoka<\/a>,&nbsp;<a href=\"https:\/\/aspa-andalucia.org\/\">ASPA<\/a>,&nbsp;<a href=\"https:\/\/dfcspain.org\/\">Design for Change<\/a>,&nbsp;<a href=\"https:\/\/www.egibide.org\/\">EGIBIDE<\/a>,&nbsp;&nbsp;<a href=\"https:\/\/fad.es\/\">FAD Juventud<\/a>,&nbsp;<a href=\"https:\/\/www.fisc-ongd.org\/\">FISC ONGD<\/a>,&nbsp;<a href=\"https:\/\/kubbo.org\/\">Kubbo<\/a>,&nbsp;<a href=\"https:\/\/www.madrecoraje.org\/\">Asociaci\u00f3n Madre Coraje<\/a>,&nbsp;<a href=\"https:\/\/mainel.org\/\">Fundaci\u00f3n Mainel<\/a>,&nbsp;<a href=\"https:\/\/onay.org\/\">Onay<\/a>&nbsp;y&nbsp;<a href=\"https:\/\/unetxea.org\/\">UN Etxea<\/a>.&nbsp; Tambi\u00e9n se cont\u00f3 con la participaci\u00f3n del mundo acad\u00e9mico de la mano de la Universidad Camilo Jos\u00e9 Cela y la Universidad de Sevilla.&nbsp;<\/p>\n\n\n\n<figure class=\"wp-block-image size-large\"><img loading=\"lazy\" decoding=\"async\" width=\"1024\" height=\"768\" src=\"https:\/\/www.factoria-4-7.org\/wp-content\/uploads\/2023\/07\/I-Encuentro-Plenario-Movimiento-4.7-9-1024x768.jpeg\" alt=\"\" class=\"wp-image-4342\" srcset=\"https:\/\/www.factoria-4-7.org\/wp-content\/uploads\/2023\/07\/I-Encuentro-Plenario-Movimiento-4.7-9-1024x768.jpeg 1024w, https:\/\/www.factoria-4-7.org\/wp-content\/uploads\/2023\/07\/I-Encuentro-Plenario-Movimiento-4.7-9-300x225.jpeg 300w, https:\/\/www.factoria-4-7.org\/wp-content\/uploads\/2023\/07\/I-Encuentro-Plenario-Movimiento-4.7-9-768x576.jpeg 768w, https:\/\/www.factoria-4-7.org\/wp-content\/uploads\/2023\/07\/I-Encuentro-Plenario-Movimiento-4.7-9-1536x1152.jpeg 1536w, https:\/\/www.factoria-4-7.org\/wp-content\/uploads\/2023\/07\/I-Encuentro-Plenario-Movimiento-4.7-9.jpeg 1600w\" sizes=\"auto, (max-width: 1024px) 100vw, 1024px\" \/><\/figure>\n\n\n\n<p>En concreto, el objetivo de la sesi\u00f3n fue reflexionar y compartir el trabajo realizado hasta el momento, y establecer las principales l\u00edneas de acci\u00f3n para el futuro m\u00e1s pr\u00f3ximo, as\u00ed como una estructura de trabajo organizada y com\u00fan.&nbsp;<\/p>\n\n\n\n<p>En la sesi\u00f3n de la ma\u00f1ana, a trav\u00e9s de una metodolog\u00eda participativa se trabaj\u00f3 la visi\u00f3n del Movimiento 4.7, recopilando y evaluando el trabajo realizado, as\u00ed como analizando el contexto para detectar oportunidades y retos. De esta reflexi\u00f3n, surgieron las principales l\u00edneas de acci\u00f3n para el futuro m\u00e1s pr\u00f3ximo:&nbsp;<\/p>\n\n\n\n<ul class=\"wp-block-list\">\n<li>Necesidad de&nbsp;<strong>sumar m\u00e1s participaci\u00f3n de&nbsp; actores de la comunidad educativa<\/strong>&nbsp;(centros, profesorado y alumnado, familias). Se trata de favorecer e incorporar procesos inclusivos que coloquen a la comunidad educativa en el centro a trav\u00e9s de propuestas, iniciativas y procesos formativos que desarrollen las competencias necesarias para generar una ciudadan\u00eda global.<\/li>\n\n\n\n<li><strong>Comunicaci\u00f3n e incidencia&nbsp;<\/strong>ante administraciones p\u00fablicas y tomadores de decisi\u00f3n para&nbsp;<strong>pasar de la voluntad pol\u00edtica al compromiso pol\u00edtico<\/strong>&nbsp;en el cumplimiento de la meta 4.7. Pasar de un proceso de incidencia individualizado desde organizaciones a uno conjunto como Movimiento articulado de la sociedad civil.&nbsp;<\/li>\n\n\n\n<li>Proyecci\u00f3n de lo que hacemos ante la ciudadan\u00eda para&nbsp;<strong>transmitir el valor de la Educaci\u00f3n para el Desarrollo Sostenible y la Ciudadan\u00eda Global<\/strong>. Generar espacios de di\u00e1logo y propuestas que sean intersectoriales, pero tambi\u00e9n intergeneracionales, escuchar activamente y comprometernos con la conversaci\u00f3n sobre Educaci\u00f3n para el Desarrollo all\u00e1 donde se de, participar en los foros m\u00e1s relevantes, en el mayor n\u00famero de espacios posibles y con los m\u00e1s diversos interlocutores.<\/li>\n<\/ul>\n\n\n\n<p>Las conclusiones de este ejercicio fueron puestas en contraste con el Manifiesto del Movimiento 4.7, hoja de ruta com\u00fan y compartida y elemento principal de incidencia pol\u00edtica del mismo.&nbsp;<\/p>\n\n\n\n<p>En la sesi\u00f3n de la tarde, se trataron cuestiones internas de organizaci\u00f3n del Movimiento 4.7, planteando los primeros pasos y acuerdos para llevar a cabo u<strong>na estructura de trabajo organizada y un sistema compartido de toma de decisiones<\/strong>. Finalmente, se realiz\u00f3 un taller enfocado en storytelling, en el que las personas participantes compartieron ideas sobre&nbsp;<strong>c\u00f3mo comunicar qu\u00e9 es y qu\u00e9 hace el Movimiento 4.7<\/strong>, con el objetivo de amplificar su mensaje y llegar a sumar una mayor participaci\u00f3n.&nbsp;<\/p>\n\n\n\n<p>El grupo se emplaz\u00f3 a la vuelta de vacaciones para continuar las actividades en marcha, concretar la estructura organizativa y abrir nuevas l\u00edneas de trabajo.<\/p>\n\n\n\n<figure class=\"wp-block-image size-large\"><img loading=\"lazy\" decoding=\"async\" width=\"1024\" height=\"576\" src=\"https:\/\/www.factoria-4-7.org\/wp-content\/uploads\/2023\/07\/I-Encuentro-Plenario-Movimiento-4.7-52-1024x576.jpeg\" alt=\"\" class=\"wp-image-4344\" srcset=\"https:\/\/www.factoria-4-7.org\/wp-content\/uploads\/2023\/07\/I-Encuentro-Plenario-Movimiento-4.7-52-1024x576.jpeg 1024w, https:\/\/www.factoria-4-7.org\/wp-content\/uploads\/2023\/07\/I-Encuentro-Plenario-Movimiento-4.7-52-300x169.jpeg 300w, https:\/\/www.factoria-4-7.org\/wp-content\/uploads\/2023\/07\/I-Encuentro-Plenario-Movimiento-4.7-52-768x432.jpeg 768w, https:\/\/www.factoria-4-7.org\/wp-content\/uploads\/2023\/07\/I-Encuentro-Plenario-Movimiento-4.7-52-1536x864.jpeg 1536w, https:\/\/www.factoria-4-7.org\/wp-content\/uploads\/2023\/07\/I-Encuentro-Plenario-Movimiento-4.7-52.jpeg 1920w\" sizes=\"auto, (max-width: 1024px) 100vw, 1024px\" \/><\/figure>\n\n\n\n<p>En este I encuentro, el <a href=\"https:\/\/www.factoria-4-7.org\/rce-basque-country-navarre\/\">RCE Basque Country \u2013 Navarre<\/a> estuvo representado por cinco entidades:<\/p>\n\n\n\n<ul class=\"wp-block-list\">\n<li><a href=\"https:\/\/www.alboan.org\/es\">Alboan | ONG de los jesuitas<\/a><\/li>\n\n\n\n<li><a href=\"https:\/\/unetxea.org\/\">UN ETXEA \u2013 Asociaci\u00f3n del Pa\u00eds Vasco para la UNESCO<\/a><\/li>\n\n\n\n<li><a href=\"https:\/\/www.egibide.org\/\">Egibide Vitoria-Gasteiz Alava | E.S.O | Bachillerato | Formaci\u00f3n<\/a><\/li>\n\n\n\n<li><a href=\"https:\/\/www.congdnavarra.org\/\">Coordinadora ONGD de Navarra<\/a><\/li>\n\n\n\n<li><a href=\"https:\/\/onay.org\/\">ONAY \u2013 Organizaci\u00f3n Navarra para Ayuda entre los pueblos<\/a><\/li>\n<\/ul>\n","protected":false},"excerpt":{"rendered":"<p>El martes 4 de julio se llev\u00f3 a cabo el&nbsp;I Encuentro Plenario del Movimiento 4.7,&nbsp;en el espacio Ecooo de Madrid. En \u00e9l, m\u00e1s de 19 entidades se reunieron para trabajar [&hellip;]<\/p>\n","protected":false},"author":6,"featured_media":4338,"comment_status":"closed","ping_status":"closed","sticky":false,"template":"","format":"standard","meta":{"_acf_changed":false,"footnotes":""},"categories":[1],"tags":[],"ods":[6,19],"class_list":["post-4341","post","type-post","status-publish","format-standard","has-post-thumbnail","hentry","category-sin-categorizar","ods-alianzas-para-lograr-objetivos","ods-educacion-calidad"],"acf":[],"_links":{"self":[{"href":"https:\/\/www.factoria-4-7.org\/pt-pt\/wp-json\/wp\/v2\/posts\/4341","targetHints":{"allow":["GET"]}}],"collection":[{"href":"https:\/\/www.factoria-4-7.org\/pt-pt\/wp-json\/wp\/v2\/posts"}],"about":[{"href":"https:\/\/www.factoria-4-7.org\/pt-pt\/wp-json\/wp\/v2\/types\/post"}],"author":[{"embeddable":true,"href":"https:\/\/www.factoria-4-7.org\/pt-pt\/wp-json\/wp\/v2\/users\/6"}],"replies":[{"embeddable":true,"href":"https:\/\/www.factoria-4-7.org\/pt-pt\/wp-json\/wp\/v2\/comments?post=4341"}],"version-history":[{"count":3,"href":"https:\/\/www.factoria-4-7.org\/pt-pt\/wp-json\/wp\/v2\/posts\/4341\/revisions"}],"predecessor-version":[{"id":4474,"href":"https:\/\/www.factoria-4-7.org\/pt-pt\/wp-json\/wp\/v2\/posts\/4341\/revisions\/4474"}],"wp:featuredmedia":[{"embeddable":true,"href":"https:\/\/www.factoria-4-7.org\/pt-pt\/wp-json\/wp\/v2\/media\/4338"}],"wp:attachment":[{"href":"https:\/\/www.factoria-4-7.org\/pt-pt\/wp-json\/wp\/v2\/media?parent=4341"}],"wp:term":[{"taxonomy":"category","embeddable":true,"href":"https:\/\/www.factoria-4-7.org\/pt-pt\/wp-json\/wp\/v2\/categories?post=4341"},{"taxonomy":"post_tag","embeddable":true,"href":"https:\/\/www.factoria-4-7.org\/pt-pt\/wp-json\/wp\/v2\/tags?post=4341"},{"taxonomy":"ods","embeddable":true,"href":"https:\/\/www.factoria-4-7.org\/pt-pt\/wp-json\/wp\/v2\/ods?post=4341"}],"curies":[{"name":"wp","href":"https:\/\/api.w.org\/{rel}","templated":true}]}}