{"id":4575,"date":"2023-10-11T16:15:33","date_gmt":"2023-10-11T14:15:33","guid":{"rendered":"https:\/\/www.factoria-4-7.org\/?p=4575"},"modified":"2023-10-16T10:21:51","modified_gmt":"2023-10-16T08:21:51","slug":"se-presenta-la-alianza-vasca-por-los-ods-suscrita-por-55-entidades-para-colaborar-en-el-desarrollo-de-la-agenda-2030","status":"publish","type":"post","link":"https:\/\/www.factoria-4-7.org\/pt-pt\/se-presenta-la-alianza-vasca-por-los-ods-suscrita-por-55-entidades-para-colaborar-en-el-desarrollo-de-la-agenda-2030\/","title":{"rendered":"Se Presenta la Alianza Vasca por los ODS, suscrita por 55 entidades para colaborar en el desarrollo de la Agenda 2030"},"content":{"rendered":"\n<p>El pasado 2 de Octubre el lehendakari Urkullu present\u00f3 en Euskadi la Alianza Vasca para lograr los Objetivos de Desarrollo Sostenible (ODS). El lehendakari ha enfatizado la importancia del conjunto de acciones que componen el &#8220;triple paso&#8221;, que incluye la creaci\u00f3n de la Agenda Vasca basada en los Objetivos de Desarrollo Sostenible, la declaraci\u00f3n \u201cPara un Contrato Social Agenda 2030 Euskadi\u201d y la \u201cGu\u00eda para implementar la Agenda 2030 en empresas y organizaciones\u201d. Para la integraci\u00f3n de los ODS en Euskadi han emanado del \u201cForo Agenda 2030 Euskadi\u201d distintas herramientas para su correcta implementaci\u00f3n.&nbsp;<\/p>\n\n\n\n<p>Urkullu ha recalcado que la Agenda 2030 es necesaria para lograr el cambio en nuestra sociedad. Es posible hacer frente a las adversidades y a los grandes desaf\u00edos del mundo actual mediante la colaboraci\u00f3n global y local. Se ha dado a conocer la declaraci\u00f3n \u201cPara un Contrato Social Agenda 2030 Euskadi\u201d que cuenta con m\u00e1s de 50 actores sociales. Hay cinco compromisos, las cuales son:<\/p>\n\n\n\n<ul class=\"wp-block-list\">\n<li>El reforzamiento de las colaboraciones entre las organizaciones sociales<\/li>\n\n\n\n<li>La implementaci\u00f3n de los ODS en la gesti\u00f3n y funcionamiento interno de empresas y organizaciones<\/li>\n\n\n\n<li>Divulgaci\u00f3n y promoci\u00f3n de la Agenda 2030\n<ul class=\"wp-block-list\">\n<li>impulsar la participaci\u00f3n<strong> <\/strong>e implicaci\u00f3n ciudadana<\/li>\n<\/ul>\n<\/li>\n\n\n\n<li>Impulsi\u00f3n de los principios de solidaridad y sostenibilidad&nbsp;<\/li>\n\n\n\n<li>Modelizaci\u00f3n de la experiencia vasca y el favorecimiento del intercambio en el \u00e1mbito internacional.<\/li>\n<\/ul>\n\n\n\n<p>Tambi\u00e9n se present\u00f3 una <strong>\u201cGu\u00eda para desarrollar la Agenda 2030 en empresas y organizaciones\u201d <\/strong>en la que se ofrece a las entidades la posibilidad de incorporar los ODS en tres etapas potenciales:&nbsp;<\/p>\n\n\n\n<ul class=\"wp-block-list\">\n<li>etapa de aproximaci\u00f3n<\/li>\n\n\n\n<li>etapa de inicio<\/li>\n\n\n\n<li>etapa de mayor compromiso<\/li>\n<\/ul>\n\n\n\n<p>Se busca el compromiso de las empresas por solidaridad, responsabilidad, inteligencia e inter\u00e9s propio, ya que cada vez m\u00e1s se van a necesitar modelos de gesti\u00f3n responsable, sostenible y solidarios. Adem\u00e1s, la iniciativa se ha llevado a cabo gracias tambi\u00e9n a la colaboraci\u00f3n con Guneak del Foro Agenda 2030 Euskadi.<\/p>\n\n\n\n<p><\/p>\n\n\n\n<figure class=\"wp-block-image size-large\"><img loading=\"lazy\" decoding=\"async\" width=\"1024\" height=\"576\" src=\"https:\/\/www.factoria-4-7.org\/wp-content\/uploads\/2023\/10\/Alianza-Vasca-1024x576.jpg\" alt=\"\" class=\"wp-image-4578\" srcset=\"https:\/\/www.factoria-4-7.org\/wp-content\/uploads\/2023\/10\/Alianza-Vasca-1024x576.jpg 1024w, https:\/\/www.factoria-4-7.org\/wp-content\/uploads\/2023\/10\/Alianza-Vasca-300x169.jpg 300w, https:\/\/www.factoria-4-7.org\/wp-content\/uploads\/2023\/10\/Alianza-Vasca-768x432.jpg 768w, https:\/\/www.factoria-4-7.org\/wp-content\/uploads\/2023\/10\/Alianza-Vasca.jpg 1200w\" sizes=\"auto, (max-width: 1024px) 100vw, 1024px\" \/><\/figure>\n","protected":false},"excerpt":{"rendered":"<p>El pasado 2 de Octubre el lehendakari Urkullu present\u00f3 en Euskadi la Alianza Vasca para lograr los Objetivos de Desarrollo Sostenible (ODS). El lehendakari ha enfatizado la importancia del conjunto [&hellip;]<\/p>\n","protected":false},"author":6,"featured_media":4578,"comment_status":"closed","ping_status":"closed","sticky":false,"template":"","format":"standard","meta":{"_acf_changed":false,"footnotes":""},"categories":[1],"tags":[],"ods":[6],"class_list":["post-4575","post","type-post","status-publish","format-standard","has-post-thumbnail","hentry","category-sin-categorizar","ods-alianzas-para-lograr-objetivos"],"acf":[],"_links":{"self":[{"href":"https:\/\/www.factoria-4-7.org\/pt-pt\/wp-json\/wp\/v2\/posts\/4575","targetHints":{"allow":["GET"]}}],"collection":[{"href":"https:\/\/www.factoria-4-7.org\/pt-pt\/wp-json\/wp\/v2\/posts"}],"about":[{"href":"https:\/\/www.factoria-4-7.org\/pt-pt\/wp-json\/wp\/v2\/types\/post"}],"author":[{"embeddable":true,"href":"https:\/\/www.factoria-4-7.org\/pt-pt\/wp-json\/wp\/v2\/users\/6"}],"replies":[{"embeddable":true,"href":"https:\/\/www.factoria-4-7.org\/pt-pt\/wp-json\/wp\/v2\/comments?post=4575"}],"version-history":[{"count":4,"href":"https:\/\/www.factoria-4-7.org\/pt-pt\/wp-json\/wp\/v2\/posts\/4575\/revisions"}],"predecessor-version":[{"id":4581,"href":"https:\/\/www.factoria-4-7.org\/pt-pt\/wp-json\/wp\/v2\/posts\/4575\/revisions\/4581"}],"wp:featuredmedia":[{"embeddable":true,"href":"https:\/\/www.factoria-4-7.org\/pt-pt\/wp-json\/wp\/v2\/media\/4578"}],"wp:attachment":[{"href":"https:\/\/www.factoria-4-7.org\/pt-pt\/wp-json\/wp\/v2\/media?parent=4575"}],"wp:term":[{"taxonomy":"category","embeddable":true,"href":"https:\/\/www.factoria-4-7.org\/pt-pt\/wp-json\/wp\/v2\/categories?post=4575"},{"taxonomy":"post_tag","embeddable":true,"href":"https:\/\/www.factoria-4-7.org\/pt-pt\/wp-json\/wp\/v2\/tags?post=4575"},{"taxonomy":"ods","embeddable":true,"href":"https:\/\/www.factoria-4-7.org\/pt-pt\/wp-json\/wp\/v2\/ods?post=4575"}],"curies":[{"name":"wp","href":"https:\/\/api.w.org\/{rel}","templated":true}]}}