{"id":4619,"date":"2023-10-19T16:09:49","date_gmt":"2023-10-19T14:09:49","guid":{"rendered":"https:\/\/www.factoria-4-7.org\/?p=4619"},"modified":"2023-10-19T16:09:51","modified_gmt":"2023-10-19T14:09:51","slug":"el-geoparque-de-la-costa-vasca-participa-en-la-x-conferencia-internacional-de-geoparques-mundiales-de-la-unesco","status":"publish","type":"post","link":"https:\/\/www.factoria-4-7.org\/pt-pt\/el-geoparque-de-la-costa-vasca-participa-en-la-x-conferencia-internacional-de-geoparques-mundiales-de-la-unesco\/","title":{"rendered":"El Geoparque de la Costa Vasca participa en la X. Conferencia Internacional de Geoparques Mundiales de la Unesco"},"content":{"rendered":"\n<p><strong>El Geoparque de la Costa Vasca present\u00f3 una ponencia cuyo tema principal fue la estrategia de participaci\u00f3n llamada<\/strong>\u00a0<a href=\"https:\/\/geoparkea.eus\/es\/entidades-colaboradoras\">\u2018Geoparkezaleak\u2019<\/a>, es decir, la participaci\u00f3n de entidades como por ejemplo, las empresas de \u00e1mbito tur\u00edstico de los municipios de Deba, Mutriku y Zumaia que han acreditado estar inmersas en procesos de calidad y mejora continua junto con otras entidades como las\u00a0<a href=\"https:\/\/geoparkea.eus\/es\/ciencia-educacion\/geoeskolak\">Geoeskolak<\/a>, asociaciones culturales, asociaciones deportivas, e incluso las empresas industriales que colaboran con Geoparkea.\u00a0<\/p>\n\n\n\n<p><a href=\"https:\/\/geoparkea.eus\/es\/noticias\/geoparkea-participa-conferencia-marraquech-unesco\">El Geoparque de la Costa Vasca participa en la X. Conferencia Internacional de Geoparques Mundiales de la Unesco &#8211; Geoparkea &#8211; Flysch &amp; Karst experience<\/a><\/p>\n","protected":false},"excerpt":{"rendered":"<p>El Geoparque de la Costa Vasca present\u00f3 una ponencia cuyo tema principal fue la estrategia de participaci\u00f3n llamada\u00a0\u2018Geoparkezaleak\u2019, es decir, la participaci\u00f3n de entidades como por ejemplo, las empresas de [&hellip;]<\/p>\n","protected":false},"author":6,"featured_media":4620,"comment_status":"closed","ping_status":"closed","sticky":false,"template":"","format":"standard","meta":{"_acf_changed":false,"footnotes":""},"categories":[1],"tags":[],"ods":[12,11,5],"class_list":["post-4619","post","type-post","status-publish","format-standard","has-post-thumbnail","hentry","category-sin-categorizar","ods-ciudades-comunidades-sostenibles","ods-produccion-consumo-sostenibles","ods-diversidad-linguistica-cultural"],"acf":[],"_links":{"self":[{"href":"https:\/\/www.factoria-4-7.org\/pt-pt\/wp-json\/wp\/v2\/posts\/4619","targetHints":{"allow":["GET"]}}],"collection":[{"href":"https:\/\/www.factoria-4-7.org\/pt-pt\/wp-json\/wp\/v2\/posts"}],"about":[{"href":"https:\/\/www.factoria-4-7.org\/pt-pt\/wp-json\/wp\/v2\/types\/post"}],"author":[{"embeddable":true,"href":"https:\/\/www.factoria-4-7.org\/pt-pt\/wp-json\/wp\/v2\/users\/6"}],"replies":[{"embeddable":true,"href":"https:\/\/www.factoria-4-7.org\/pt-pt\/wp-json\/wp\/v2\/comments?post=4619"}],"version-history":[{"count":2,"href":"https:\/\/www.factoria-4-7.org\/pt-pt\/wp-json\/wp\/v2\/posts\/4619\/revisions"}],"predecessor-version":[{"id":4623,"href":"https:\/\/www.factoria-4-7.org\/pt-pt\/wp-json\/wp\/v2\/posts\/4619\/revisions\/4623"}],"wp:featuredmedia":[{"embeddable":true,"href":"https:\/\/www.factoria-4-7.org\/pt-pt\/wp-json\/wp\/v2\/media\/4620"}],"wp:attachment":[{"href":"https:\/\/www.factoria-4-7.org\/pt-pt\/wp-json\/wp\/v2\/media?parent=4619"}],"wp:term":[{"taxonomy":"category","embeddable":true,"href":"https:\/\/www.factoria-4-7.org\/pt-pt\/wp-json\/wp\/v2\/categories?post=4619"},{"taxonomy":"post_tag","embeddable":true,"href":"https:\/\/www.factoria-4-7.org\/pt-pt\/wp-json\/wp\/v2\/tags?post=4619"},{"taxonomy":"ods","embeddable":true,"href":"https:\/\/www.factoria-4-7.org\/pt-pt\/wp-json\/wp\/v2\/ods?post=4619"}],"curies":[{"name":"wp","href":"https:\/\/api.w.org\/{rel}","templated":true}]}}